{"id":19848,"date":"2023-07-04T15:08:02","date_gmt":"2023-07-04T18:08:02","guid":{"rendered":"https:\/\/sefaz.ac.gov.br\/2021\/?p=19848"},"modified":"2024-05-29T15:15:33","modified_gmt":"2024-05-29T18:15:33","slug":"portaria-sefaz-no-533-de-04-de-julho-de-2023-2","status":"publish","type":"post","link":"https:\/\/sefaz.ac.gov.br\/2021\/?p=19848","title":{"rendered":"PORTARIA SEFAZ N\u00ba 533, DE 04 DE JULHO DE 2023"},"content":{"rendered":"\n<p class=\"wp-block-paragraph\"><strong>O SECRET\u00c1RIO DE ESTADO DA FAZENDA,<\/strong> no uso de suas atribui\u00e7\u00f5es constitucionais e legais que lhe confere o Decreto n\u00ba 4.059-P, de 05 de junho de 2023, publicado no Di\u00e1rio Oficial n\u00ba 13.550, de 07 de junho de 2023; e<\/p>\n\n\n\n<p class=\"wp-block-paragraph\">CONSIDERANDO o Decreto n\u00ba 11.253, de 05 de junho de 2023; e o art. 4\u00ba, XI e XII, da Portaria n\u00ba 513 de 20 de junho de 2023, que aprovou o Regimento Interno da Secretaria de Estado da Fazenda;<\/p>\n\n\n\n<p class=\"wp-block-paragraph\">CONSIDERANDO o Decreto n\u00ba 4.132-P, de 19 de junho de 2023, publicado no Di\u00e1rio Oficial n\u00ba 13.555, de 20 de junho de 2023;<\/p>\n\n\n\n<p class=\"wp-block-paragraph\">CONSIDERANDO a COMUNICA\u00c7\u00c3O INTERNA N\u00ba 70\/2023\/SEFAZ &#8211; GSARE (SEI 7531065) exarada pela Secretaria Adjunta da Receita Estadual &#8211; SARE; e<\/p>\n\n\n\n<p class=\"wp-block-paragraph\">CONSIDERANDO o constante dos autos do processo n\u00ba 0715.012496.00034\/2023-14.<\/p>\n\n\n\n<p class=\"wp-block-paragraph\"><strong>RESOLVE:<\/strong><\/p>\n\n\n\n<p class=\"wp-block-paragraph\">Art. &nbsp;1\u00ba &nbsp;A Portaria n\u00ba 620, de 12 de dezembro de 2022, passa a vigorar com a seguinte reda\u00e7\u00e3o:<\/p>\n\n\n\n<blockquote class=\"wp-block-quote is-layout-flow wp-block-quote-is-layout-flow\">\n<p class=\"wp-block-paragraph\">\u201cArt.2\u00ba &#8230;<\/p>\n\n\n\n<p class=\"wp-block-paragraph\">&#8230;<\/p>\n\n\n\n<p class=\"wp-block-paragraph\">IV &#8211; Elizi\u00e1rio Barbosa Campos Filho, Diretor do Tesouro Estadual;<\/p>\n\n\n\n<p class=\"wp-block-paragraph\">&#8230;<\/p>\n\n\n\n<p class=\"wp-block-paragraph\">VI &#8211; Maria Janete Maia Diniz, representante da Associa\u00e7\u00e3o dos Servidores Fazend\u00e1rios do Estado do Acre &#8211; ASFAC. (NR)<\/p>\n\n\n\n<p class=\"wp-block-paragraph\">&#8230;<\/p>\n\n\n\n<p class=\"wp-block-paragraph\">\u00a7 3\u00ba &nbsp;O Comit\u00ea de que trata esta Portaria ser\u00e1 respons\u00e1vel pela apura\u00e7\u00e3o dos resultados da arrecada\u00e7\u00e3o do ICMS e verificar\u00e1 o cumprimento da meta estabelecida no <strong>caput<\/strong> e das submetas semestrais.\u201d (AC)<\/p>\n<\/blockquote>\n\n\n\n<p class=\"wp-block-paragraph\">Art. 2\u00ba Esta Portaria entra em vigor na data de sua publica\u00e7\u00e3o.<\/p>\n\n\n\n<p class=\"wp-block-paragraph\">Rio Branco\/AC, 04 de julho de 2023.<\/p>\n","protected":false},"excerpt":{"rendered":"<p>Altera a Portaria n\u00ba 620, de 12 de dezembro de 2022, que nomeia o Comit\u00ea para estabelecer as metas da Secretaria de Estado da Fazenda &#8211; SEFAZ para o exerc\u00edcio de 2023.<\/p>\n","protected":false},"author":5,"featured_media":0,"comment_status":"closed","ping_status":"closed","sticky":false,"template":"","format":"standard","meta":{"_acf_changed":false,"footnotes":""},"categories":[3,33],"tags":[73],"class_list":["post-19848","post","type-post","status-publish","format-standard","hentry","category-legislacao","category-portarias","tag-legislacao-institucional-e-funcional"],"acf":[],"_links":{"self":[{"href":"https:\/\/sefaz.ac.gov.br\/2021\/index.php?rest_route=\/wp\/v2\/posts\/19848","targetHints":{"allow":["GET"]}}],"collection":[{"href":"https:\/\/sefaz.ac.gov.br\/2021\/index.php?rest_route=\/wp\/v2\/posts"}],"about":[{"href":"https:\/\/sefaz.ac.gov.br\/2021\/index.php?rest_route=\/wp\/v2\/types\/post"}],"author":[{"embeddable":true,"href":"https:\/\/sefaz.ac.gov.br\/2021\/index.php?rest_route=\/wp\/v2\/users\/5"}],"replies":[{"embeddable":true,"href":"https:\/\/sefaz.ac.gov.br\/2021\/index.php?rest_route=%2Fwp%2Fv2%2Fcomments&post=19848"}],"version-history":[{"count":0,"href":"https:\/\/sefaz.ac.gov.br\/2021\/index.php?rest_route=\/wp\/v2\/posts\/19848\/revisions"}],"wp:attachment":[{"href":"https:\/\/sefaz.ac.gov.br\/2021\/index.php?rest_route=%2Fwp%2Fv2%2Fmedia&parent=19848"}],"wp:term":[{"taxonomy":"category","embeddable":true,"href":"https:\/\/sefaz.ac.gov.br\/2021\/index.php?rest_route=%2Fwp%2Fv2%2Fcategories&post=19848"},{"taxonomy":"post_tag","embeddable":true,"href":"https:\/\/sefaz.ac.gov.br\/2021\/index.php?rest_route=%2Fwp%2Fv2%2Ftags&post=19848"}],"curies":[{"name":"wp","href":"https:\/\/api.w.org\/{rel}","templated":true}]}}