{"id":19670,"date":"2024-04-26T10:06:59","date_gmt":"2024-04-26T13:06:59","guid":{"rendered":"http:\/\/sefaz.ac.gov.br\/2021\/?p=19670"},"modified":"2024-05-17T10:13:04","modified_gmt":"2024-05-17T13:13:04","slug":"decreto-no-11-460-de-26-de-abril-de-2024","status":"publish","type":"post","link":"https:\/\/sefaz.ac.gov.br\/2021\/?p=19670","title":{"rendered":"DECRETO N\u00ba 11.460, DE 26 DE ABRIL DE 2024"},"content":{"rendered":"\n<p class=\"wp-block-paragraph\"><strong>O GOVERNADOR DO ESTADO DO ACRE<\/strong>, no uso da atribui\u00e7\u00e3o que lhe confere o art. 78, inciso VI, da Constitui\u00e7\u00e3o do Estado do Acre,<\/p>\n\n\n\n<p class=\"wp-block-paragraph\"><strong>DECRETA:<\/strong><\/p>\n\n\n\n<p class=\"wp-block-paragraph\">Art. 1\u00ba O Decreto n\u00ba 6.604, de 27 de abril de 2017, passa a vigorar com a seguinte reda\u00e7\u00e3o:<\/p>\n\n\n\n<blockquote class=\"wp-block-quote is-layout-flow wp-block-quote-is-layout-flow\">\n<p class=\"wp-block-paragraph\">\u201cArt. 4\u00ba &#8230;<\/p>\n\n\n\n<p class=\"wp-block-paragraph\">&#8230;<\/p>\n\n\n\n<p class=\"wp-block-paragraph\">\u00a7 3\u00ba O acesso \u00e0 \u00e1rea restrita do DEC, em que est\u00e3o dispon\u00edveis as comunica\u00e7\u00f5es eletr\u00f4nicas, pode ocorrer:<\/p>\n\n\n\n<p class=\"wp-block-paragraph\">I &#8211; mediante utiliza\u00e7\u00e3o de certificado digital emitido por Autoridade Certificadora Credenciada pela ICP-Brasil, na forma de lei federal espec\u00edfica;<\/p>\n\n\n\n<p class=\"wp-block-paragraph\">II &#8211; mediante autentica\u00e7\u00e3o do usu\u00e1rio na plataforma gov.br.<\/p>\n\n\n\n<p class=\"wp-block-paragraph\">&#8230;\u201d (NR)<\/p>\n<\/blockquote>\n\n\n\n<p class=\"wp-block-paragraph\">Art. 2\u00b0 Este Decreto entra em vigor na data de sua publica\u00e7\u00e3o. Rio Branco &#8211; Acre, 26 de abril de 2024, 136\u00ba da Rep\u00fablica, 122\u00ba do Tratado de Petr\u00f3polis e 63\u00ba do Estado do Acre.<\/p>\n","protected":false},"excerpt":{"rendered":"<p>Altera o Decreto n\u00ba 6.604, de 27 de abril de 2017, que regulamenta a Lei 3.215, de 29 de dezembro de 2016, que institui a comunica\u00e7\u00e3o eletr\u00f4nica entre a Secretaria de Estado da Fazenda e o sujeito passivo dos tributos estaduais, para dispor sobre o acesso \u00e0 \u00e1rea restrita do Domic\u00edlio Eletr\u00f4nico do Contribuinte &#8211; DEC.<\/p>\n","protected":false},"author":5,"featured_media":0,"comment_status":"closed","ping_status":"closed","sticky":false,"template":"","format":"standard","meta":{"_acf_changed":false,"footnotes":""},"categories":[32,3],"tags":[91,35],"class_list":["post-19670","post","type-post","status-publish","format-standard","hentry","category-decretos","category-legislacao","tag-dec","tag-icms"],"acf":[],"_links":{"self":[{"href":"https:\/\/sefaz.ac.gov.br\/2021\/index.php?rest_route=\/wp\/v2\/posts\/19670","targetHints":{"allow":["GET"]}}],"collection":[{"href":"https:\/\/sefaz.ac.gov.br\/2021\/index.php?rest_route=\/wp\/v2\/posts"}],"about":[{"href":"https:\/\/sefaz.ac.gov.br\/2021\/index.php?rest_route=\/wp\/v2\/types\/post"}],"author":[{"embeddable":true,"href":"https:\/\/sefaz.ac.gov.br\/2021\/index.php?rest_route=\/wp\/v2\/users\/5"}],"replies":[{"embeddable":true,"href":"https:\/\/sefaz.ac.gov.br\/2021\/index.php?rest_route=%2Fwp%2Fv2%2Fcomments&post=19670"}],"version-history":[{"count":0,"href":"https:\/\/sefaz.ac.gov.br\/2021\/index.php?rest_route=\/wp\/v2\/posts\/19670\/revisions"}],"wp:attachment":[{"href":"https:\/\/sefaz.ac.gov.br\/2021\/index.php?rest_route=%2Fwp%2Fv2%2Fmedia&parent=19670"}],"wp:term":[{"taxonomy":"category","embeddable":true,"href":"https:\/\/sefaz.ac.gov.br\/2021\/index.php?rest_route=%2Fwp%2Fv2%2Fcategories&post=19670"},{"taxonomy":"post_tag","embeddable":true,"href":"https:\/\/sefaz.ac.gov.br\/2021\/index.php?rest_route=%2Fwp%2Fv2%2Ftags&post=19670"}],"curies":[{"name":"wp","href":"https:\/\/api.w.org\/{rel}","templated":true}]}}