{"id":19631,"date":"2024-04-29T23:25:17","date_gmt":"2024-04-30T02:25:17","guid":{"rendered":"http:\/\/sefaz.ac.gov.br\/2021\/?p=19631"},"modified":"2024-04-29T23:25:18","modified_gmt":"2024-04-30T02:25:18","slug":"portaria-sefaz-no-199-de-29-de-abril-de-2024","status":"publish","type":"post","link":"https:\/\/sefaz.ac.gov.br\/2021\/?p=19631","title":{"rendered":"PORTARIA SEFAZ N\u00ba 199, DE 29 DE ABRIL DE 2024"},"content":{"rendered":"\n<p class=\"wp-block-paragraph\">O SECRET\u00c1RIO DE ESTADO DA FAZENDA, no uso de suas atribui\u00e7\u00f5es constitucionais e legais que lhe confere o Decreto n\u00ba 4.059-P, de 05 de junho de 2023, publicado no Di\u00e1rio Oficial n\u00ba 13.550, de 07 de junho de 2023; <\/p>\n\n\n\n<p class=\"wp-block-paragraph\">CONSIDERANDO que a Comiss\u00e3o Eleitoral recebeu alguns questionamentos formais a respeito do pleito em rela\u00e7\u00e3o aos votos;<\/p>\n\n\n\n<p class=\"wp-block-paragraph\">CONSIDERANDO que esses questionamentos foram feitos muito pr\u00f3ximo \u00e0 data da elei\u00e7\u00e3o e, consequentemente a Comiss\u00e3o n\u00e3o ter\u00e1 tempo h\u00e1bil para responder as demandas;<\/p>\n\n\n\n<p class=\"wp-block-paragraph\">CONSIDERANDO \u00e0 COMUNICA\u00c7\u00c3O INTERNA N\u00ba 55\/2024\/SEFAZ &#8211; CGSARE (SEI 0010764187) exarada pela Secretaria Adjunta da Receita Estadual &#8211; SARE<\/p>\n\n\n\n<p class=\"wp-block-paragraph\">CONSIDERANDO o constante dos autos do processo n\u00ba 0715.012495.00046\/2024-12.<\/p>\n\n\n\n<p class=\"wp-block-paragraph\">RESOLVE:<\/p>\n\n\n\n<p class=\"wp-block-paragraph\">Art. 1\u00ba Prorrogar a data da elei\u00e7\u00e3o do Conselho Superior da Administra\u00e7\u00e3o Tribut\u00e1ria, marcada para 30 de abril de 2024, para outra data a ser divulgada posteriormente, t\u00e3o logo a Comiss\u00e3o Eleitoral responda formalmente os questionamentos formulados quanto aos procedimentos eleitorais<\/p>\n\n\n\n<p class=\"wp-block-paragraph\">Art. 2\u00ba Prorrogar por mais 60 (sessenta) dias o prazo para conclus\u00e3o dos trabalhos da Comiss\u00e3o Eleitoral<\/p>\n\n\n\n<p class=\"wp-block-paragraph\">Art. 3\u00ba Esta Portaria entra em vigor na data da sua publica\u00e7\u00e3o. Rio Branco\/AC, de 29 de abril de 2024.<\/p>\n","protected":false},"excerpt":{"rendered":"<p>Prorrogar a data da elei\u00e7\u00e3o do Conselho Superior da Administra\u00e7\u00e3o Tribut\u00e1ria.<\/p>\n","protected":false},"author":5,"featured_media":0,"comment_status":"closed","ping_status":"closed","sticky":false,"template":"","format":"standard","meta":{"_acf_changed":false,"footnotes":""},"categories":[3,33],"tags":[106],"class_list":["post-19631","post","type-post","status-publish","format-standard","hentry","category-legislacao","category-portarias","tag-consat"],"acf":[],"_links":{"self":[{"href":"https:\/\/sefaz.ac.gov.br\/2021\/index.php?rest_route=\/wp\/v2\/posts\/19631","targetHints":{"allow":["GET"]}}],"collection":[{"href":"https:\/\/sefaz.ac.gov.br\/2021\/index.php?rest_route=\/wp\/v2\/posts"}],"about":[{"href":"https:\/\/sefaz.ac.gov.br\/2021\/index.php?rest_route=\/wp\/v2\/types\/post"}],"author":[{"embeddable":true,"href":"https:\/\/sefaz.ac.gov.br\/2021\/index.php?rest_route=\/wp\/v2\/users\/5"}],"replies":[{"embeddable":true,"href":"https:\/\/sefaz.ac.gov.br\/2021\/index.php?rest_route=%2Fwp%2Fv2%2Fcomments&post=19631"}],"version-history":[{"count":0,"href":"https:\/\/sefaz.ac.gov.br\/2021\/index.php?rest_route=\/wp\/v2\/posts\/19631\/revisions"}],"wp:attachment":[{"href":"https:\/\/sefaz.ac.gov.br\/2021\/index.php?rest_route=%2Fwp%2Fv2%2Fmedia&parent=19631"}],"wp:term":[{"taxonomy":"category","embeddable":true,"href":"https:\/\/sefaz.ac.gov.br\/2021\/index.php?rest_route=%2Fwp%2Fv2%2Fcategories&post=19631"},{"taxonomy":"post_tag","embeddable":true,"href":"https:\/\/sefaz.ac.gov.br\/2021\/index.php?rest_route=%2Fwp%2Fv2%2Ftags&post=19631"}],"curies":[{"name":"wp","href":"https:\/\/api.w.org\/{rel}","templated":true}]}}