{"id":19606,"date":"2024-04-17T15:37:16","date_gmt":"2024-04-17T18:37:16","guid":{"rendered":"http:\/\/sefaz.ac.gov.br\/2021\/?p=19606"},"modified":"2024-04-17T15:41:39","modified_gmt":"2024-04-17T18:41:39","slug":"decreto-no-11-456-de-16-de-abril-de-2024","status":"publish","type":"post","link":"https:\/\/sefaz.ac.gov.br\/2021\/?p=19606","title":{"rendered":"DECRETO N\u00ba 11.456, DE 16 DE ABRIL DE 2024"},"content":{"rendered":"\n<p class=\"wp-block-paragraph\"><strong>O GOVERNADOR DO ESTADO DO ACRE<\/strong>, no uso da atribui\u00e7\u00e3o que lhe confere o art. 78, inciso IV, da Constitui\u00e7\u00e3o do Estado do Acre, e tendo em vista o disposto na Lei Federal n\u00ba 24, de 7 de janeiro de 1975, bem como o teor do processo SEI n\u00ba 0715.012495.00039\/2024-11;<\/p>\n\n\n\n<p class=\"wp-block-paragraph\">Considerando a delibera\u00e7\u00e3o do Conselho Nacional de Pol\u00edtica Fazend\u00e1ria &#8211; CONFAZ, na reuni\u00e3o extraordin\u00e1ria <strong>390\u00aa<\/strong>, no dia 27 de mar\u00e7o de 2024, realizada em Bras\u00edlia-DF;<\/p>\n\n\n\n<p class=\"wp-block-paragraph\"><strong>DECRETA:<\/strong><\/p>\n\n\n\n<p class=\"wp-block-paragraph\">Art. 1\u00ba &nbsp;Ficam incorporados \u00e0 legisla\u00e7\u00e3o tribut\u00e1ria do Estado os <strong>Conv\u00eanios ICMS n\u00bas 10 e 11-2024, <\/strong>ambos de 27 de mar\u00e7o de 2024, publicados no Di\u00e1rio Oficial da Uni\u00e3o &#8211; DOU em 28 de mar\u00e7o de 2024;<\/p>\n\n\n\n<p class=\"wp-block-paragraph\">Art. 2\u00ba&nbsp; O ement\u00e1rio dos atos ora incorporados consta do Anexo \u00danico a este Decreto.<\/p>\n\n\n\n<p class=\"wp-block-paragraph\">Art. 3\u00ba &nbsp;Fica a Secretaria de Estado da Fazenda autorizada a instituir normas necess\u00e1rias para o cumprimento deste Decreto.<\/p>\n\n\n\n<p class=\"wp-block-paragraph\">Art. 4\u00ba &nbsp;Este Decreto entra em vigor na data de sua publica\u00e7\u00e3o, com efeitos a contar das datas expressamente indicadas nos atos ora incorporados.<\/p>\n\n\n\n<p class=\"wp-block-paragraph\">Rio Branco &#8211; Acre, 16 de abril de 2024, 136\u00ba da Rep\u00fablica, 122\u00ba do Tratado de Petr\u00f3polis e 63\u00ba do Estado do Acre.<\/p>\n","protected":false},"excerpt":{"rendered":"<p>Incorpora \u00e0 legisla\u00e7\u00e3o tribut\u00e1ria do Estado os Conv\u00eanios ICMS que especifica.<\/p>\n","protected":false},"author":5,"featured_media":0,"comment_status":"closed","ping_status":"closed","sticky":false,"template":"","format":"standard","meta":{"_acf_changed":false,"footnotes":""},"categories":[32,3],"tags":[35],"class_list":["post-19606","post","type-post","status-publish","format-standard","hentry","category-decretos","category-legislacao","tag-icms"],"acf":[],"_links":{"self":[{"href":"https:\/\/sefaz.ac.gov.br\/2021\/index.php?rest_route=\/wp\/v2\/posts\/19606","targetHints":{"allow":["GET"]}}],"collection":[{"href":"https:\/\/sefaz.ac.gov.br\/2021\/index.php?rest_route=\/wp\/v2\/posts"}],"about":[{"href":"https:\/\/sefaz.ac.gov.br\/2021\/index.php?rest_route=\/wp\/v2\/types\/post"}],"author":[{"embeddable":true,"href":"https:\/\/sefaz.ac.gov.br\/2021\/index.php?rest_route=\/wp\/v2\/users\/5"}],"replies":[{"embeddable":true,"href":"https:\/\/sefaz.ac.gov.br\/2021\/index.php?rest_route=%2Fwp%2Fv2%2Fcomments&post=19606"}],"version-history":[{"count":0,"href":"https:\/\/sefaz.ac.gov.br\/2021\/index.php?rest_route=\/wp\/v2\/posts\/19606\/revisions"}],"wp:attachment":[{"href":"https:\/\/sefaz.ac.gov.br\/2021\/index.php?rest_route=%2Fwp%2Fv2%2Fmedia&parent=19606"}],"wp:term":[{"taxonomy":"category","embeddable":true,"href":"https:\/\/sefaz.ac.gov.br\/2021\/index.php?rest_route=%2Fwp%2Fv2%2Fcategories&post=19606"},{"taxonomy":"post_tag","embeddable":true,"href":"https:\/\/sefaz.ac.gov.br\/2021\/index.php?rest_route=%2Fwp%2Fv2%2Ftags&post=19606"}],"curies":[{"name":"wp","href":"https:\/\/api.w.org\/{rel}","templated":true}]}}