{"id":19594,"date":"2024-01-09T14:26:17","date_gmt":"2024-01-09T17:26:17","guid":{"rendered":"http:\/\/sefaz.ac.gov.br\/2021\/?p=19594"},"modified":"2024-04-16T15:11:58","modified_gmt":"2024-04-16T18:11:58","slug":"portaria-sefaz-no-15-de-09-de-janeiro-de-2024","status":"publish","type":"post","link":"https:\/\/sefaz.ac.gov.br\/2021\/?p=19594","title":{"rendered":"PORTARIA SEFAZ N\u00ba 15, DE 09 DE JANEIRO DE 2024"},"content":{"rendered":"\n<p class=\"wp-block-paragraph\">O <strong>SECRET\u00c1RIO DE ESTADO DA FAZENDA<\/strong>, no uso de suas atribui\u00e7\u00f5es constitucionais e legais que lhe confere o Decreto n\u00ba 4.059-P, de 05 de junho de 2023, publicado no Di\u00e1rio Oficial n\u00ba 13.550, de 07 de junho de 2023;<\/p>\n\n\n\n<p class=\"wp-block-paragraph\">CONSIDERANDO o disposto no art. 22 da Lei Complementar n\u00ba 419, de 15 de dezembro de 2022, que atribui \u00e0 Secretaria de Estado da Fazenda a compet\u00eancia de manter e gerenciar o sistema \u00fanico e integrado de execu\u00e7\u00e3o or\u00e7ament\u00e1ria, financeira e cont\u00e1bil do Estado;<\/p>\n\n\n\n<p class=\"wp-block-paragraph\">CONSIDERANDO que a transpar\u00eancia da gest\u00e3o fiscal dos entes federativos ser\u00e1 assegurada pela observ\u00e2ncia do padr\u00e3o m\u00ednimo de qualidade e pela ado\u00e7\u00e3o de Sistema \u00danico e Integrado de Execu\u00e7\u00e3o Or\u00e7ament\u00e1ria, Administra\u00e7\u00e3o Financeira e Controle &#8211; SIAFIC;<\/p>\n\n\n\n<p class=\"wp-block-paragraph\">CONSIDERANDO que o SIAFIC corresponde \u00e0 solu\u00e7\u00e3o de tecnologia da informa\u00e7\u00e3o mantida e gerenciada pelo Poder Executivo e que dever\u00e1 ser utilizada por todos os Poderes e \u00d3rg\u00e3os da Administra\u00e7\u00e3o P\u00fablica Estadual com a finalidade de registrar atos e fatos relacionados com a administra\u00e7\u00e3o or\u00e7ament\u00e1ria, financeira e patrimonial, al\u00e9m de controlar e evidenciar as transa\u00e7\u00f5es e procedimentos cont\u00e1beis previstos no Decreto n\u00ba 10.540, de 05 de novembro de 2020 , alterado pelo Decreto n\u00ba 11.644, de 16 de agosto de 2023;<\/p>\n\n\n\n<p class=\"wp-block-paragraph\">CONSIDERANDO a necessidade do Estado em adotar o Plano de A\u00e7\u00e3o Excepcional para implementa\u00e7\u00e3o dos requisitos m\u00ednimos de qualidade de que trata o Decreto Federal n\u00ba 10.540 de 2020 e suas altera\u00e7\u00f5es;<\/p>\n\n\n\n<p class=\"wp-block-paragraph\">CONSIDERANDO a COMUNICA\u00c7\u00c3O INTERNA N\u00ba 900\/2023\/SEFAZ &#8211; CGDICONGE (SEI 8709186) exarada pela Diretoria de Contabilidade Geral do Estado; e<\/p>\n\n\n\n<p class=\"wp-block-paragraph\">CONSIDERANDO o constante dos autos do processo n\u00ba 0715.013713.00082\/2023-91.<\/p>\n\n\n\n<p class=\"wp-block-paragraph\">RESOLVE:<\/p>\n\n\n\n<p class=\"wp-block-paragraph\"><strong>Art. 1\u00ba<\/strong> Fica estabelecido no Anexo desta Portaria, o Plano de A\u00e7\u00e3o Excepcional de que trata o art. 18, \u00a7 2\u00ba, do Decreto Federal n\u00ba 10.540 de 2020, alterado pelo Decreto Federal n\u00ba 11.644 de 2023, com a finalidade de adequar o Sistema \u00danico e Integrado de Execu\u00e7\u00e3o Or\u00e7ament\u00e1ria, Administra\u00e7\u00e3o Financeira e Controle \u2013 SIAFIC, ao padr\u00e3o m\u00ednimo de qualidade estabelecido.<\/p>\n\n\n\n<p class=\"wp-block-paragraph\"><strong>Par\u00e1grafo \u00fanico<\/strong>. O plano de a\u00e7\u00e3o de que trata o caput ser\u00e1 apresentado ao Tribunal de Contas do Estado do Acre, conforme determina o Decreto Federal n\u00ba 11.644 de 2023.<\/p>\n\n\n\n<p class=\"wp-block-paragraph\"><strong>Art. 2\u00ba<\/strong> Fica revogada a Portaria n\u00ba 114, de 30 de abril de 2021, publicada no DOE n\u00ba 13.034, de 03 de maio de 2021.<\/p>\n\n\n\n<p class=\"wp-block-paragraph\"><strong>Art. 3\u00ba<\/strong> Esta Portaria entrar\u00e1 em vigor na data de sua publica\u00e7\u00e3o.<\/p>\n","protected":false},"excerpt":{"rendered":"<p>Estabelece o plano de a\u00e7\u00e3o para atender o padr\u00e3o m\u00ednimo de qualidade do Sistema \u00danico e Integrado e Execu\u00e7\u00e3o Or\u00e7ament\u00e1ria, Administra\u00e7\u00e3o Financeira e Controle \u2013 SIAFIC, nos termos do Decreto Federal 10.540\/2020 e d\u00e1 outras provid\u00eancias.<\/p>\n","protected":false},"author":5,"featured_media":0,"comment_status":"closed","ping_status":"closed","sticky":false,"template":"","format":"standard","meta":{"_acf_changed":false,"footnotes":""},"categories":[3,33],"tags":[59],"class_list":["post-19594","post","type-post","status-publish","format-standard","hentry","category-legislacao","category-portarias","tag-contabilidade-geral"],"acf":[],"_links":{"self":[{"href":"https:\/\/sefaz.ac.gov.br\/2021\/index.php?rest_route=\/wp\/v2\/posts\/19594","targetHints":{"allow":["GET"]}}],"collection":[{"href":"https:\/\/sefaz.ac.gov.br\/2021\/index.php?rest_route=\/wp\/v2\/posts"}],"about":[{"href":"https:\/\/sefaz.ac.gov.br\/2021\/index.php?rest_route=\/wp\/v2\/types\/post"}],"author":[{"embeddable":true,"href":"https:\/\/sefaz.ac.gov.br\/2021\/index.php?rest_route=\/wp\/v2\/users\/5"}],"replies":[{"embeddable":true,"href":"https:\/\/sefaz.ac.gov.br\/2021\/index.php?rest_route=%2Fwp%2Fv2%2Fcomments&post=19594"}],"version-history":[{"count":0,"href":"https:\/\/sefaz.ac.gov.br\/2021\/index.php?rest_route=\/wp\/v2\/posts\/19594\/revisions"}],"wp:attachment":[{"href":"https:\/\/sefaz.ac.gov.br\/2021\/index.php?rest_route=%2Fwp%2Fv2%2Fmedia&parent=19594"}],"wp:term":[{"taxonomy":"category","embeddable":true,"href":"https:\/\/sefaz.ac.gov.br\/2021\/index.php?rest_route=%2Fwp%2Fv2%2Fcategories&post=19594"},{"taxonomy":"post_tag","embeddable":true,"href":"https:\/\/sefaz.ac.gov.br\/2021\/index.php?rest_route=%2Fwp%2Fv2%2Ftags&post=19594"}],"curies":[{"name":"wp","href":"https:\/\/api.w.org\/{rel}","templated":true}]}}