{"id":19529,"date":"2024-03-27T21:49:30","date_gmt":"2024-03-28T00:49:30","guid":{"rendered":"http:\/\/sefaz.ac.gov.br\/2021\/?p=19529"},"modified":"2024-04-01T21:53:12","modified_gmt":"2024-04-02T00:53:12","slug":"decreto-no-11-444-de-27-de-marco-de-2024","status":"publish","type":"post","link":"https:\/\/sefaz.ac.gov.br\/2021\/?p=19529","title":{"rendered":"DECRETO N\u00ba 11.444, DE 27 DE MAR\u00c7O DE 2024"},"content":{"rendered":"\n<p class=\"wp-block-paragraph\"><strong>O GOVERNADOR DO ESTADO DO ACRE<\/strong>, no uso da atribui\u00e7\u00e3o que lhe confere o art. 78, inciso VI, da Constitui\u00e7\u00e3o do Estado do Acre, e tendo em vista o teor do processo SEI n\u00ba 0715.012495.00034\/2024-98,<\/p>\n\n\n\n<p class=\"wp-block-paragraph\"><strong>DECRETA:<\/strong><\/p>\n\n\n\n<p class=\"wp-block-paragraph\">Art. 1\u00ba O <a href=\"https:\/\/sefaz.ac.gov.br\/2021\/?p=4794\">Decreto n\u00ba 7.793, de 20 de janeiro de 2021<\/a>, passa a vigorar com a seguinte reda\u00e7\u00e3o:<\/p>\n\n\n\n<blockquote class=\"wp-block-quote is-layout-flow wp-block-quote-is-layout-flow\">\n<p class=\"wp-block-paragraph\">\u201cArt. 3\u00ba Para usufruir dos benef\u00edcios do Programa, o sujeito passivo de ver\u00e1 fazer a ades\u00e3o at\u00e9 28 de junho de 2024, mediante assinatura e entrega do Termo de Ades\u00e3o ao Parcelamento e demais documentos necess\u00e1rios, seguida do pagamento da parcela \u00fanica ou da primeira parcela, ap\u00f3s o aceite da Secretaria de Estado da Fazenda &#8211; SEFAZ ou da Procuradoria-Geral do Estado &#8211; PGE, caso inscrito em D\u00edvida Ativa, observando-se o disposto no \u00a7 5\u00ba.<\/p>\n\n\n\n<p class=\"wp-block-paragraph\">&nbsp;&#8230;\u201d (NR)<\/p>\n<\/blockquote>\n\n\n\n<p class=\"wp-block-paragraph\">Art.&nbsp; 2\u00b0 Este Decreto entra em vigor na data de sua publica\u00e7\u00e3o.<\/p>\n\n\n\n<p class=\"wp-block-paragraph\">Rio Branco &#8211; Acre, 27 de mar\u00e7o de 2024, 136\u00ba da Rep\u00fablica, 122\u00ba do Tratado de Petr\u00f3polis e 63\u00ba do Estado do Acre.<\/p>\n","protected":false},"excerpt":{"rendered":"<p>Altera o Decreto n\u00ba 7.793, de 20 de janeiro de 2021, que regulamenta a Lei n\u00ba 3.673, de 31 de dezembro de 2020, que institui o Programa de Recupera\u00e7\u00e3o Fiscal 2021 &#8211; Refis 2021, para dispor sobre o prazo para ades\u00e3o.<\/p>\n","protected":false},"author":5,"featured_media":0,"comment_status":"closed","ping_status":"closed","sticky":false,"template":"","format":"standard","meta":{"_acf_changed":false,"footnotes":""},"categories":[32,3],"tags":[35,65],"class_list":["post-19529","post","type-post","status-publish","format-standard","hentry","category-decretos","category-legislacao","tag-icms","tag-refis"],"acf":[],"_links":{"self":[{"href":"https:\/\/sefaz.ac.gov.br\/2021\/index.php?rest_route=\/wp\/v2\/posts\/19529","targetHints":{"allow":["GET"]}}],"collection":[{"href":"https:\/\/sefaz.ac.gov.br\/2021\/index.php?rest_route=\/wp\/v2\/posts"}],"about":[{"href":"https:\/\/sefaz.ac.gov.br\/2021\/index.php?rest_route=\/wp\/v2\/types\/post"}],"author":[{"embeddable":true,"href":"https:\/\/sefaz.ac.gov.br\/2021\/index.php?rest_route=\/wp\/v2\/users\/5"}],"replies":[{"embeddable":true,"href":"https:\/\/sefaz.ac.gov.br\/2021\/index.php?rest_route=%2Fwp%2Fv2%2Fcomments&post=19529"}],"version-history":[{"count":0,"href":"https:\/\/sefaz.ac.gov.br\/2021\/index.php?rest_route=\/wp\/v2\/posts\/19529\/revisions"}],"wp:attachment":[{"href":"https:\/\/sefaz.ac.gov.br\/2021\/index.php?rest_route=%2Fwp%2Fv2%2Fmedia&parent=19529"}],"wp:term":[{"taxonomy":"category","embeddable":true,"href":"https:\/\/sefaz.ac.gov.br\/2021\/index.php?rest_route=%2Fwp%2Fv2%2Fcategories&post=19529"},{"taxonomy":"post_tag","embeddable":true,"href":"https:\/\/sefaz.ac.gov.br\/2021\/index.php?rest_route=%2Fwp%2Fv2%2Ftags&post=19529"}],"curies":[{"name":"wp","href":"https:\/\/api.w.org\/{rel}","templated":true}]}}