{"id":19492,"date":"2024-03-21T19:18:23","date_gmt":"2024-03-21T22:18:23","guid":{"rendered":"http:\/\/sefaz.ac.gov.br\/2021\/?p=19492"},"modified":"2024-03-21T19:29:33","modified_gmt":"2024-03-21T22:29:33","slug":"portaria-sefaz-no-123-de-18-de-marco-de-2024","status":"publish","type":"post","link":"https:\/\/sefaz.ac.gov.br\/2021\/?p=19492","title":{"rendered":"PORTARIA SEFAZ N\u00ba 123, DE 18 DE MAR\u00c7O DE 2024"},"content":{"rendered":"\n<p class=\"wp-block-paragraph\"><strong>O SECRET\u00c1RIO DE ESTADO DA FAZENDA<\/strong>, no uso de suas atribui\u00ad\u00e7\u00f5es constitucionais e legais que lhe confere o Decreto n\u00ba 4.059-P, de 05 de junho de 2023, publicado no Di\u00e1rio Oficial n\u00ba 13.550, de 07 de junho de 2023;<\/p>\n\n\n\n<p class=\"wp-block-paragraph\">Considerando o Decreto n\u00ba 11.253, de 05 de junho de 2023 e o art. 4\u00ba, XI e XII, da Portaria n\u00ba 513 de 20 de junho de 2023, que aprovou o Regimento Interno da Secretaria de Estado da Fazenda &#8211; SEFAZ;<\/p>\n\n\n\n<p class=\"wp-block-paragraph\">Considerando o teor do art. 34 da Lei n\u00ba 2.265, de 31 de mar\u00e7o de 2010, com as altera\u00e7\u00f5es introduzidas pela Lei n\u00ba 2.730, de 22 de agosto de 2013 e as disposi\u00e7\u00f5es contidas no Decreto n\u00ba 5.587, de 12 de agos\u00adto de 2010 e suas altera\u00e7\u00f5es;<\/p>\n\n\n\n<p class=\"wp-block-paragraph\">Considerando a aprova\u00e7\u00e3o do Relat\u00f3rio de Estabelecimento da Meta de Arrecada\u00e7\u00e3o e Resultado Global da Secretaria de Estado da Fazenda elaborado pelo Comit\u00ea de Estabelecimento da Meta para o exerc\u00edcio de 2024, nomeado pela Portaria n\u00ba 955, de 8 de dezembro de 2023, publicada no Di\u00e1rio Oficial do Estado n\u00ba 13.671, de 12 de de\u00adzembro de 2023;<\/p>\n\n\n\n<p class=\"wp-block-paragraph\">Considerando a COMUNICA\u00c7\u00c3O INTERNA N\u00ba 34\/2024\/SEFAZ &#8211; CGSARE (SEI 0010248873) exarada pela Secretaria Adjunta da Recei\u00adta Estadual &#8211; SARE; e<\/p>\n\n\n\n<p class=\"wp-block-paragraph\">Considerando o constante dos autos do processo n\u00ba 0715.012496.00010\/2024-38.<\/p>\n\n\n\n<p class=\"wp-block-paragraph\"><strong>RESOLVE:<\/strong><\/p>\n\n\n\n<p class=\"wp-block-paragraph\">Art. 1\u00ba &nbsp;Fica estabelecida a meta de arrecada\u00e7\u00e3o do Imposto Sobre Ope\u00adra\u00e7\u00f5es Relativas \u00e0 Circula\u00e7\u00e3o de Mercadorias e Presta\u00e7\u00f5es de Servi\u00e7os de Transporte Interestadual e Intermunicipal e de Comunica\u00e7\u00e3o &#8211; ICMS e resultado global da Secretaria de Estado do Fazenda &#8211; SEFAZ para o exerc\u00edcio de 2024 no valor de R$ 1.972.722.576,42 (um bilh\u00e3o, nove\u00adcentos e setenta e dois milh\u00f5es, setecentos e vinte e dois mil, quinhen\u00adtos e setenta e seis reais e quarenta e dois centavos).<\/p>\n\n\n\n<p class=\"wp-block-paragraph\">\u00a7 1\u00ba &nbsp;Para o exerc\u00edcio de 2024 o resultado global da SEFAZ ser\u00e1 aferi\u00addo unicamente pela arrecada\u00e7\u00e3o do ICMS, inclu\u00eddos os juros e multas decorrentes do imposto e exclu\u00eddos os valores arrecadados na rubrica D\u00edvida Ativa.<\/p>\n\n\n\n<p class=\"wp-block-paragraph\">\u00a7 2\u00ba &nbsp;A meta de arrecada\u00e7\u00e3o estabelecida no <strong>caput<\/strong> ser\u00e1 dividida em duas submetas semestrais correspondentes a:<\/p>\n\n\n\n<p class=\"wp-block-paragraph\">I &#8211; 47,95% (quarenta e sete inteiros e noventa e cinco cent\u00e9simos por cento) da meta de arrecada\u00e7\u00e3o no primeiro semestre; e<\/p>\n\n\n\n<p class=\"wp-block-paragraph\">II &#8211; 52,05% (cinquenta e dois inteiros e cinco cent\u00e9simos por cento) da meta de arrecada\u00e7\u00e3o no segundo semestre.<\/p>\n\n\n\n<p class=\"wp-block-paragraph\">\u00a7 3\u00ba &nbsp;A arrecada\u00e7\u00e3o do ICMS, para efeito de aferi\u00e7\u00e3o do cumprimento da meta estabelecida no <strong>caput<\/strong>, ser\u00e1 verificada pelo relat\u00f3rio \u201cArrecada\u00e7\u00e3o Mensal do ICMS Modelo I &#8211; Pagamento\u201d do M\u00f3dulo Arrecada\u00e7\u00e3o do Sistema Integrado de Administra\u00e7\u00e3o Tribut\u00e1ria &#8211; SIAT.<\/p>\n\n\n\n<p class=\"wp-block-paragraph\">Art. 2\u00ba &nbsp;A meta de arrecada\u00e7\u00e3o de 2024 poder\u00e1, atrav\u00e9s de ato do Secret\u00e1\u00adrio de Estado da Fazenda, ser revisada ap\u00f3s o encerramento do primeiro semestre e\/ou ao final do exerc\u00edcio, incluindo nessa revis\u00e3o a an\u00e1lise da varia\u00e7\u00e3o das previs\u00f5es dos \u00edndices de infla\u00e7\u00e3o e PIB para o exerc\u00edcio de 2024, a possibilidade de inclus\u00e3o da receita da D\u00edvida Ativa do ICMS na base de apura\u00e7\u00e3o do resultado global e outras ocorr\u00eancias que possam interferir positiva ou negativamente no atingimento do resultado.<\/p>\n\n\n\n<p class=\"wp-block-paragraph\">Art. 3\u00ba &nbsp;O pagamento do Pr\u00eamio Anual de Valoriza\u00e7\u00e3o da Atividade Fa\u00adzend\u00e1ria por cumprimento da meta ser\u00e1 efetuado em duas parcelas, sendo o pagamento da primeira, a t\u00edtulo de adiantamento, efetuado ap\u00f3s a apura\u00e7\u00e3o e verifica\u00e7\u00e3o do cumprimento do resultado previsto no \u00a7 2\u00ba, inciso I, do art. 1\u00ba.<\/p>\n\n\n\n<p class=\"wp-block-paragraph\">Par\u00e1grafo \u00fanico. &nbsp;O pagamento da primeira parcela ser\u00e1 compensado por ocasi\u00e3o do pagamento do pr\u00eamio total, ap\u00f3s apura\u00e7\u00e3o do resultado anual.<\/p>\n\n\n\n<p class=\"wp-block-paragraph\">Art. 4\u00ba &nbsp;Esta Portaria entra em vigor na data da sua publica\u00e7\u00e3o.<\/p>\n\n\n\n<p class=\"wp-block-paragraph\">Rio Branco\/AC, de 18 de mar\u00e7o de 2024.<\/p>\n","protected":false},"excerpt":{"rendered":"<p>Estabelece a meta e submetas semestrais de arrecada\u00e7\u00e3o do Imposto Sobre Opera\u00e7\u00f5es Relativas \u00e0 Circula\u00e7\u00e3o de Mercadorias e Presta\u00e7\u00f5es de Servi\u00e7os de Transporte Interestadual e Intermunicipal e de Comunica\u00e7\u00e3o &#8211; ICMS para o exerc\u00edcio de 2024.<\/p>\n","protected":false},"author":5,"featured_media":0,"comment_status":"closed","ping_status":"closed","sticky":false,"template":"","format":"standard","meta":{"_acf_changed":false,"footnotes":""},"categories":[3,33],"tags":[35],"class_list":["post-19492","post","type-post","status-publish","format-standard","hentry","category-legislacao","category-portarias","tag-icms"],"acf":[],"_links":{"self":[{"href":"https:\/\/sefaz.ac.gov.br\/2021\/index.php?rest_route=\/wp\/v2\/posts\/19492","targetHints":{"allow":["GET"]}}],"collection":[{"href":"https:\/\/sefaz.ac.gov.br\/2021\/index.php?rest_route=\/wp\/v2\/posts"}],"about":[{"href":"https:\/\/sefaz.ac.gov.br\/2021\/index.php?rest_route=\/wp\/v2\/types\/post"}],"author":[{"embeddable":true,"href":"https:\/\/sefaz.ac.gov.br\/2021\/index.php?rest_route=\/wp\/v2\/users\/5"}],"replies":[{"embeddable":true,"href":"https:\/\/sefaz.ac.gov.br\/2021\/index.php?rest_route=%2Fwp%2Fv2%2Fcomments&post=19492"}],"version-history":[{"count":0,"href":"https:\/\/sefaz.ac.gov.br\/2021\/index.php?rest_route=\/wp\/v2\/posts\/19492\/revisions"}],"wp:attachment":[{"href":"https:\/\/sefaz.ac.gov.br\/2021\/index.php?rest_route=%2Fwp%2Fv2%2Fmedia&parent=19492"}],"wp:term":[{"taxonomy":"category","embeddable":true,"href":"https:\/\/sefaz.ac.gov.br\/2021\/index.php?rest_route=%2Fwp%2Fv2%2Fcategories&post=19492"},{"taxonomy":"post_tag","embeddable":true,"href":"https:\/\/sefaz.ac.gov.br\/2021\/index.php?rest_route=%2Fwp%2Fv2%2Ftags&post=19492"}],"curies":[{"name":"wp","href":"https:\/\/api.w.org\/{rel}","templated":true}]}}