{"id":19445,"date":"2024-03-04T17:42:51","date_gmt":"2024-03-04T20:42:51","guid":{"rendered":"http:\/\/sefaz.ac.gov.br\/2021\/?p=19445"},"modified":"2024-03-21T17:50:39","modified_gmt":"2024-03-21T20:50:39","slug":"portaria-sefaz-%e2%84%96-95-de-4-de-marco-de-2024","status":"publish","type":"post","link":"https:\/\/sefaz.ac.gov.br\/2021\/?p=19445","title":{"rendered":"PORTARIA SEFAZ \u2116 95, DE 4 DE MAR\u00c7O DE 2024"},"content":{"rendered":"\n<p class=\"wp-block-paragraph\">O SECRET\u00c1RIO DE ESTADO DA FAZENDA, no uso de suas atribui\u00e7\u00f5es constitucionais e legais que lhe confere o Decreto n\u00ba 4.059-P, de 05 de junho de 2023, publicado no Di\u00e1rio Oficial n\u00ba 13.550, de 07 de junho de 2023;<\/p>\n\n\n\n<p class=\"wp-block-paragraph\">CONSIDERANDO que foi institu\u00eddo o Conselho Superior da Administra\u00e7\u00e3o Tribut\u00e1ria no \u00e2mbito da Secretaria de Fazenda do Estado do Acre, na forma do art. 15, da Lei n\u00ba 4.294, de 27 de dezembro de 2023, no qual tem assento cinco membros titulares e seus suplentes dentre os Auditores Fiscais da Receita Estadual, conforme disp\u00f5e o inciso V, do mesmo dispositivo legal;<\/p>\n\n\n\n<p class=\"wp-block-paragraph\">CONSIDERANDO a necessidade de instituir a Comiss\u00e3o Eleitoral para conduzir o processo eleitoral, conforme disp\u00f5e o art. 5\u00ba, da Portaria SEFAZ de n\u00ba 92\/2024;<\/p>\n\n\n\n<p class=\"wp-block-paragraph\">CONSIDERANDO a COMUNICA\u00c7\u00c3O INTERNA N\u00ba 29\/2024\/SEFAZ &#8211; CGSARE (SEI 10088929) exarada pela Secretaria Adjunta da Receita Estadual &#8211; SARE; e<\/p>\n\n\n\n<p class=\"wp-block-paragraph\">CONSIDERANDO o constante dos autos do processo n\u00ba 0715.012495.00023\/2024-16.<\/p>\n\n\n\n<p class=\"wp-block-paragraph\">RESOLVE:<\/p>\n\n\n\n<p class=\"wp-block-paragraph\">Art. 1\u00ba Nomear a Comiss\u00e3o Eleitoral respons\u00e1vel por conduzir o processo eleitoral para o Conselho Superior da Administra\u00e7\u00e3o Tribut\u00e1ria da Secretaria de Estado da Fazenda, destinado \u00e0 escolha de cinco membros e seus respectivos suplentes dentre os Auditores Fiscais da Receita Estadual &#8211; bi\u00eanio 2024-2026, na forma a seguir:<\/p>\n\n\n\n<p class=\"wp-block-paragraph\">I-Jos\u00e9 Maria Gomes Mascarenhas J\u00fanior, Auditor Fiscal da Receita Estadual, presidente;<\/p>\n\n\n\n<p class=\"wp-block-paragraph\">II &#8211; Ivone Maria Andrade de Oliveira, Auditora Fiscal da Receita Estadual, vice-presidente;<\/p>\n\n\n\n<p class=\"wp-block-paragraph\">III &#8211; Michelli Tallini A. de Sousa Fons\u00eaca, Auditora Fiscal<br>da Receita Estadual, secret\u00e1ria.<\/p>\n\n\n\n<p class=\"wp-block-paragraph\">Art. 2\u00ba No exerc\u00edcio de suas atribui\u00e7\u00f5es, compete \u00e0 Co- miss\u00e3o Eleitoral:<\/p>\n\n\n\n<p class=\"wp-block-paragraph\">I \u2013 orientar, conduzir e supervisionar todo o processo elei- toral;<\/p>\n\n\n\n<p class=\"wp-block-paragraph\">II \u2013 atuar como \u00f3rg\u00e3o disciplinador, fiscalizador e decis\u00f3- rio do processo eleitoral para assegurar: <\/p>\n\n\n\n<p class=\"wp-block-paragraph\">a) a legitimidade e a moralidade do processo eleitoral;<\/p>\n\n\n\n<p class=\"wp-block-paragraph\">b) a isonomia entre os candidatos;<\/p>\n\n\n\n<p class=\"wp-block-paragraph\">c) o sigilo e a veracidade da vota\u00e7\u00e3o; e<\/p>\n\n\n\n<p class=\"wp-block-paragraph\">d) o cumprimento das normas eleitorais;<\/p>\n\n\n\n<p class=\"wp-block-paragraph\">III &#8211; estabelecer o calend\u00e1rio eleitoral;<\/p>\n\n\n\n<p class=\"wp-block-paragraph\">IV &#8211; elaborar e promover a publica\u00e7\u00e3o do edital de convoca- \u00e7\u00e3o da elei\u00e7\u00e3o;<\/p>\n\n\n\n<p class=\"wp-block-paragraph\">V &#8211; promover a divulga\u00e7\u00e3o da lista de eleitores ativos ap- tos a votar;<\/p>\n\n\n\n<p class=\"wp-block-paragraph\">VI &#8211; estabelecer e promover a divulga\u00e7\u00e3o do modelo de requerimento de inscri\u00e7\u00e3o e habilita\u00e7\u00e3o;<\/p>\n\n\n\n<p class=\"wp-block-paragraph\">VII &#8211; analisar os requisitos para habilita\u00e7\u00e3o, deferir e inde- ferir as inscri\u00e7\u00f5es dos interessados;<\/p>\n\n\n\n<p class=\"wp-block-paragraph\">VIII &#8211; divulgar a rela\u00e7\u00e3o dos candidatos habilitados;<\/p>\n\n\n\n<p class=\"wp-block-paragraph\">IX &#8211; receber e julgar os pedidos de impugna\u00e7\u00f5es e recur- sos interpostos;<\/p>\n\n\n\n<p class=\"wp-block-paragraph\">X &#8211; informar os requisitos e orientar a estrutura\u00e7\u00e3o do sis- tema de vota\u00e7\u00e3o e de apura\u00e7\u00e3o de votos;<\/p>\n\n\n\n<p class=\"wp-block-paragraph\">XI &#8211; definir e divulgar as instru\u00e7\u00f5es para a vota\u00e7\u00e3o;<\/p>\n\n\n\n<p class=\"wp-block-paragraph\">XII &#8211; organizar e dirigir o processo de vota\u00e7\u00e3o e de apu- ra\u00e7\u00e3o dos votos;<\/p>\n\n\n\n<p class=\"wp-block-paragraph\">XIII &#8211; orientar os candidatos sobre a forma de exercer a fiscaliza\u00e7\u00e3o durante a apura\u00e7\u00e3o dos votos;<\/p>\n\n\n\n<p class=\"wp-block-paragraph\">XIV &#8211; divulgar o resultado da elei\u00e7\u00e3o;<\/p>\n\n\n\n<p class=\"wp-block-paragraph\">XV &#8211; lavrar ata de todos os trabalhos realizados;<\/p>\n\n\n\n<p class=\"wp-block-paragraph\">XVI &#8211; fazer divulgar os resultados e todas as decis\u00f5es relativas ao processo eleitoral;<\/p>\n\n\n\n<p class=\"wp-block-paragraph\">XVII &#8211; expedir resolu\u00e7\u00f5es e atos normativos complementares acerca do processo eleitoral;<\/p>\n\n\n\n<p class=\"wp-block-paragraph\">XVIII &#8211; resolver sobre os casos omissos.<\/p>\n\n\n\n<p class=\"wp-block-paragraph\">Art. 3\u00ba A Comiss\u00e3o Eleitoral tem um prazo de 60 (sessenta) dias para conclus\u00e3o dos trabalhos.<\/p>\n\n\n\n<p class=\"wp-block-paragraph\">Art. 4\u00ba Esta Portaria entra em vigor na data de sua publica\u00e7\u00e3o.<\/p>\n\n\n\n<p class=\"wp-block-paragraph\">Rio Branco\/AC, de 04 de mar\u00e7o de 2024.<\/p>\n","protected":false},"excerpt":{"rendered":"<p>Disp\u00f5e sobre a nomea\u00e7\u00e3o da Comiss\u00e3o Eleitoral para conduzir o processo eleitoral para o Conselho Superior da Administra\u00e7\u00e3o Tribut\u00e1ria da Secretaria de Estado da Fazenda, destinado \u00e0 escolha de cinco membros e seus respectivos suplentes dentre os Auditores Fiscais da Receita Estadual.<\/p>\n","protected":false},"author":5,"featured_media":0,"comment_status":"closed","ping_status":"closed","sticky":false,"template":"","format":"standard","meta":{"_acf_changed":false,"footnotes":""},"categories":[3,33],"tags":[106],"class_list":["post-19445","post","type-post","status-publish","format-standard","hentry","category-legislacao","category-portarias","tag-consat"],"acf":[],"_links":{"self":[{"href":"https:\/\/sefaz.ac.gov.br\/2021\/index.php?rest_route=\/wp\/v2\/posts\/19445","targetHints":{"allow":["GET"]}}],"collection":[{"href":"https:\/\/sefaz.ac.gov.br\/2021\/index.php?rest_route=\/wp\/v2\/posts"}],"about":[{"href":"https:\/\/sefaz.ac.gov.br\/2021\/index.php?rest_route=\/wp\/v2\/types\/post"}],"author":[{"embeddable":true,"href":"https:\/\/sefaz.ac.gov.br\/2021\/index.php?rest_route=\/wp\/v2\/users\/5"}],"replies":[{"embeddable":true,"href":"https:\/\/sefaz.ac.gov.br\/2021\/index.php?rest_route=%2Fwp%2Fv2%2Fcomments&post=19445"}],"version-history":[{"count":0,"href":"https:\/\/sefaz.ac.gov.br\/2021\/index.php?rest_route=\/wp\/v2\/posts\/19445\/revisions"}],"wp:attachment":[{"href":"https:\/\/sefaz.ac.gov.br\/2021\/index.php?rest_route=%2Fwp%2Fv2%2Fmedia&parent=19445"}],"wp:term":[{"taxonomy":"category","embeddable":true,"href":"https:\/\/sefaz.ac.gov.br\/2021\/index.php?rest_route=%2Fwp%2Fv2%2Fcategories&post=19445"},{"taxonomy":"post_tag","embeddable":true,"href":"https:\/\/sefaz.ac.gov.br\/2021\/index.php?rest_route=%2Fwp%2Fv2%2Ftags&post=19445"}],"curies":[{"name":"wp","href":"https:\/\/api.w.org\/{rel}","templated":true}]}}