{"id":19394,"date":"2024-03-06T10:21:25","date_gmt":"2024-03-06T13:21:25","guid":{"rendered":"http:\/\/sefaz.ac.gov.br\/2021\/?p=19394"},"modified":"2024-03-06T10:25:08","modified_gmt":"2024-03-06T13:25:08","slug":"decreto-no-11-423-de-4-de-marco-de-2024","status":"publish","type":"post","link":"https:\/\/sefaz.ac.gov.br\/2021\/?p=19394","title":{"rendered":"DECRETO N\u00ba 11.423, DE 4 \u00a0DE MAR\u00c7O DE 2024"},"content":{"rendered":"\n<p class=\"wp-block-paragraph\"><strong>O GOVERNADOR DO ESTADO DO ACRE<\/strong>, no uso da atribui\u00e7\u00e3o que lhe confere o art. 78, inciso IV, da Constitui\u00e7\u00e3o do Estado do Acre;<\/p>\n\n\n\n<p class=\"wp-block-paragraph\">Considerando a delibera\u00e7\u00e3o do Conselho Nacional de Pol\u00edtica Fazend\u00e1ria &#8211; CONFAZ, nas reuni\u00f5es ordin\u00e1rias <strong>191\u00aa<\/strong>, no dia 8 de dezembro de 2023, realizada em Bonito-MS; e, <strong>147<\/strong><strong>\u00aa,<\/strong> &nbsp;no dia 28 de setembro de 2012, realizada em Campo Grande, MS; &nbsp;<\/p>\n\n\n\n<p class=\"wp-block-paragraph\">Considerando a delibera\u00e7\u00e3o do Conselho Nacional de Pol\u00edtica Fazend\u00e1ria &#8211; CONFAZ, nas reuni\u00f5es extraordin\u00e1rias <strong>385\u00aa<\/strong>, no dia 1\u00ba de dezembro de 2023, <strong>386\u00aa<\/strong>, no dia 21 de dezembro de 2023 e<strong> 387\u00aa<\/strong>, nos dias 27 a 29 de dezembro de 2023, todas realizadas em Bras\u00edlia-DF;<\/p>\n\n\n\n<p class=\"wp-block-paragraph\">Considerando, ainda, a necessidade de incorporar \u00e0 legisla\u00e7\u00e3o tribut\u00e1ria do Estado os Conv\u00eanios ICMS celebrados no \u00e2mbito do Conselho Nacional de Pol\u00edtica fazend\u00e1ria &#8211; CONFAZ;<\/p>\n\n\n\n<p class=\"wp-block-paragraph\"><strong>DECRETA:<\/strong><\/p>\n\n\n\n<p class=\"wp-block-paragraph\">Art. 1\u00ba &nbsp;Ficam incorporados \u00e0 legisla\u00e7\u00e3o tribut\u00e1ria do Estado os seguintes atos:<\/p>\n\n\n\n<p class=\"wp-block-paragraph\"><strong>I &#8211; Conv\u00eanios ICMS:<\/strong><\/p>\n\n\n\n<p class=\"wp-block-paragraph\">a) <strong>178, <\/strong>de 1\u00ba de dezembro de 2023, publicado no Di\u00e1rio Oficial da Uni\u00e3o &#8211; DOU em 1\u00ba de dezembro de 2023, Edi\u00e7\u00e3o Extra;<\/p>\n\n\n\n<p class=\"wp-block-paragraph\">b) <strong>186, 187, 193, 199, 200 e 203, <\/strong>de 8 de dezembro de 2023, publicados no Di\u00e1rio Oficial da Uni\u00e3o &#8211; DOU em 12 de dezembro de 2023;<\/p>\n\n\n\n<p class=\"wp-block-paragraph\">c) <strong>205, 206, 208 e 210, <\/strong>de 8 de dezembro de 2023, publicados no Di\u00e1rio Oficial da Uni\u00e3o &#8211; DOU em 13 de dezembro de 2023;<\/p>\n\n\n\n<p class=\"wp-block-paragraph\">d) <strong>212 e 218, <\/strong>de 21 de dezembro de 2023, publicados no Di\u00e1rio Oficial da Uni\u00e3o &#8211; DOU em 22 de dezembro de 2023;<\/p>\n\n\n\n<p class=\"wp-block-paragraph\">e) <strong>219, 221, 225 e 226,<\/strong> de 21 de dezembro de 2023, publicado no Di\u00e1rio Oficial da Uni\u00e3o &#8211; DOU em 26 de dezembro de 2023; e,<\/p>\n\n\n\n<p class=\"wp-block-paragraph\">f) <strong>228, <\/strong>de 29 de dezembro de 2023, publicado no Di\u00e1rio Oficial da Uni\u00e3o &#8211; DOU em 26 de dezembro de 2023; e,<\/p>\n\n\n\n<p class=\"wp-block-paragraph\">g) <strong>95<\/strong>, de 28 de setembro de 2012, publicado no Di\u00e1rio Oficial da Uni\u00e3o &#8211; DOU em 4 de outubro de 2012; &nbsp;&nbsp;&nbsp;&nbsp;&nbsp;&nbsp;&nbsp;&nbsp;<\/p>\n\n\n\n<p class=\"wp-block-paragraph\"><strong>II &#8211; Protocolos ICMS:<\/strong><\/p>\n\n\n\n<p class=\"wp-block-paragraph\">a) <strong>33<\/strong>,de 13 de dezembro de 2023, publicado no Di\u00e1rio Oficial da Uni\u00e3o &#8211; DOU em 14 de dezembro de 2023;<\/p>\n\n\n\n<p class=\"wp-block-paragraph\">b)<strong> 35, <\/strong>de 14 de dezembro de 2023, publicado no Di\u00e1rio Oficial da Uni\u00e3o &#8211; DOU em 15 de dezembro de 2023;<\/p>\n\n\n\n<p class=\"wp-block-paragraph\">Art. 2\u00ba&nbsp; O ement\u00e1rio dos atos ora incorporados consta do Anexo \u00danico a este Decreto.<\/p>\n\n\n\n<p class=\"wp-block-paragraph\">Art. 3\u00ba &nbsp;Fica a Secretaria de Estado da Fazenda &#8211; SEFAZ autorizada a instituir normas necess\u00e1rias ao fiel cumprimento e execu\u00e7\u00e3o dos atos de que trata o artigo anterior.<\/p>\n\n\n\n<p class=\"wp-block-paragraph\">Art. 4\u00ba &nbsp;Este Decreto entra em vigor na data de sua publica\u00e7\u00e3o, com efeitos a contar das datas expressamente indicadas nos referidos atos.<\/p>\n\n\n\n<p class=\"wp-block-paragraph\">Rio Branco &#8211; Acre, 4 de mar\u00e7o de 2024, 136\u00ba da Rep\u00fablica, 122\u00ba do Tratado de Petr\u00f3polis e 63\u00ba do Estado do Acre.<\/p>\n","protected":false},"excerpt":{"rendered":"<p>Incorpora \u00e0 legisla\u00e7\u00e3o tribut\u00e1ria do Estado os Conv\u00eanios e Protocolos ICMS que especifica, celebrados no \u00e2mbito do Conselho Nacional de Pol\u00edtica Fazend\u00e1ria &#8211; CONFAZ.<\/p>\n","protected":false},"author":5,"featured_media":0,"comment_status":"closed","ping_status":"closed","sticky":false,"template":"","format":"standard","meta":{"_acf_changed":false,"footnotes":""},"categories":[32,3],"tags":[35],"class_list":["post-19394","post","type-post","status-publish","format-standard","hentry","category-decretos","category-legislacao","tag-icms"],"acf":[],"_links":{"self":[{"href":"https:\/\/sefaz.ac.gov.br\/2021\/index.php?rest_route=\/wp\/v2\/posts\/19394","targetHints":{"allow":["GET"]}}],"collection":[{"href":"https:\/\/sefaz.ac.gov.br\/2021\/index.php?rest_route=\/wp\/v2\/posts"}],"about":[{"href":"https:\/\/sefaz.ac.gov.br\/2021\/index.php?rest_route=\/wp\/v2\/types\/post"}],"author":[{"embeddable":true,"href":"https:\/\/sefaz.ac.gov.br\/2021\/index.php?rest_route=\/wp\/v2\/users\/5"}],"replies":[{"embeddable":true,"href":"https:\/\/sefaz.ac.gov.br\/2021\/index.php?rest_route=%2Fwp%2Fv2%2Fcomments&post=19394"}],"version-history":[{"count":0,"href":"https:\/\/sefaz.ac.gov.br\/2021\/index.php?rest_route=\/wp\/v2\/posts\/19394\/revisions"}],"wp:attachment":[{"href":"https:\/\/sefaz.ac.gov.br\/2021\/index.php?rest_route=%2Fwp%2Fv2%2Fmedia&parent=19394"}],"wp:term":[{"taxonomy":"category","embeddable":true,"href":"https:\/\/sefaz.ac.gov.br\/2021\/index.php?rest_route=%2Fwp%2Fv2%2Fcategories&post=19394"},{"taxonomy":"post_tag","embeddable":true,"href":"https:\/\/sefaz.ac.gov.br\/2021\/index.php?rest_route=%2Fwp%2Fv2%2Ftags&post=19394"}],"curies":[{"name":"wp","href":"https:\/\/api.w.org\/{rel}","templated":true}]}}