{"id":19137,"date":"2024-01-25T17:28:50","date_gmt":"2024-01-25T20:28:50","guid":{"rendered":"http:\/\/sefaz.ac.gov.br:80\/2021\/?p=19137"},"modified":"2024-01-29T17:33:08","modified_gmt":"2024-01-29T20:33:08","slug":"portaria-sefaz-no-32-de-25-de-janeiro-de-2024","status":"publish","type":"post","link":"https:\/\/sefaz.ac.gov.br\/2021\/?p=19137","title":{"rendered":"PORTARIA SEFAZ N\u00ba 32, DE 25 DE JANEIRO DE 2024"},"content":{"rendered":"\n<p class=\"wp-block-paragraph\"><strong>O SECRET\u00c1RIO DE ESTADO DA FAZENDA<\/strong>, no uso de suas atribui\u00e7\u00f5es constitucionais e legais que lhe confere o Decreto n\u00ba 4.059-P, de 05 de junho de 2023, publicado no Di\u00e1rio Oficial n\u00ba 13.550, de 07 de junho de 2023;<\/p>\n\n\n\n<p class=\"wp-block-paragraph\">CONSIDERANDO o Despacho n\u00ba 1\/2024\/SEFAZ &#8211; UCP (SEI 9717368) exarado pela Unidade de Coordena\u00e7\u00e3o de Programas &#8211; UCP; e<\/p>\n\n\n\n<p class=\"wp-block-paragraph\">CONSIDERANDO o constante dos autos do processo n\u00ba 0715.016268.00028\/ 2022-21.<\/p>\n\n\n\n<p class=\"wp-block-paragraph\"><strong>RESOLVE:<\/strong><\/p>\n\n\n\n<p class=\"wp-block-paragraph\">Art. 1\u00ba A <a href=\"https:\/\/sefaz.ac.gov.br\/2021\/?p=16893\">Portaria n\u00ba 294, de 14 de junho de 2022<\/a>, passa a vigorar com as seguintes altera\u00e7\u00f5es:<\/p>\n\n\n\n<blockquote class=\"wp-block-quote is-layout-flow wp-block-quote-is-layout-flow\">\n<p class=\"wp-block-paragraph\">\u201cArt. 2\u00ba &#8230;<\/p>\n\n\n\n<p class=\"wp-block-paragraph\">I &#8211; Adriano Magalh\u00e3es da Silva, Auditor Fiscal da Receita Estadual, Chefe do Departamento de Governan\u00e7a Estrat\u00e9gica e Coordenador-Geral da UCP-SEFAZ\/AC, que o coordenar\u00e1;<\/p>\n\n\n\n<p class=\"wp-block-paragraph\">II &#8211; Israel Jord\u00e3o Santos de Melo, Cargo em Comiss\u00e3o, Chefe de Departamento de Tecnologia da Informa\u00e7\u00e3o, que atuar\u00e1 como relator da \u00e1rea de Tecnologia da Informa\u00e7\u00e3o;<\/p>\n\n\n\n<p class=\"wp-block-paragraph\">III &#8211; Andrey Mac\u00eado de Ara\u00fajo, Cargo em Comiss\u00e3o, Assessor em Aquisi\u00e7\u00f5es da UCP-SEFAZ\/AC, que atuar\u00e1 como coordenador do plano de a\u00e7\u00e3o;<\/p>\n\n\n\n<p class=\"wp-block-paragraph\">IV &#8211; Wanderson Fernandes, Auditor Fiscal da Receita Estadual, Chefe do Departamento de Sistemas Tribut\u00e1rios Informatizados;<\/p>\n\n\n\n<p class=\"wp-block-paragraph\">V &#8211; Ronie Shelton Nascimento de Souza, Auditor Fiscal da Receita Estadual, Chefe do Departamento de Tributa\u00e7\u00e3o;<\/p>\n\n\n\n<p class=\"wp-block-paragraph\">VI &#8211; Camila Fontinele da Silva Caruta, Auditora Fiscal da Receita Estadual, Chefe da Divis\u00e3o de Legisla\u00e7\u00e3o;<\/p>\n\n\n\n<p class=\"wp-block-paragraph\">VII &#8211; Jos\u00e9 Ricardo Siqueira J\u00fanior, Auditor Fiscal da Receita Estadual, Chefe do Departamento de Fiscaliza\u00e7\u00e3o;<\/p>\n\n\n\n<p class=\"wp-block-paragraph\">VIII &#8211; Lilian Virginia Bahia Marques Caniso, Auditora Fiscal da Receita Estadual, Chefe da Divis\u00e3o de Classifica\u00e7\u00e3o e Atendimento;<\/p>\n\n\n\n<p class=\"wp-block-paragraph\">IX &#8211; Carlos Holberque Uchoa Sena, Auditor Fiscal da Receita Estadual, Chefe da Divis\u00e3o de Processos Tribut\u00e1rios;<\/p>\n\n\n\n<p class=\"wp-block-paragraph\">X &#8211; Itamar Magalh\u00e3es da Silva, Auditor Fiscal da Receita Estadual, Chefe da Divis\u00e3o de Previs\u00e3o e An\u00e1lise de Gastos Tribut\u00e1rios;<\/p>\n\n\n\n<p class=\"wp-block-paragraph\">XI &#8211; Antonio Raimundo Silva Almeida, Auditor Fiscal da Receita Estadual, Chefe da Divis\u00e3o de Assessoria T\u00e9cnica da Diretoria de Administra\u00e7\u00e3o Tribut\u00e1ria.\u201d (NR)<\/p>\n<\/blockquote>\n\n\n\n<p class=\"wp-block-paragraph\">Art. 2\u00ba Esta Portaria entra em vigor na data de sua publica\u00e7\u00e3o.<\/p>\n\n\n\n<p class=\"wp-block-paragraph\">Rio Branco\/AC, de 25 de janeiro de 2024.<\/p>\n","protected":false},"excerpt":{"rendered":"<p>Altera a Portaria n\u00ba 294, de 14 de junho de 2022, que institui Grupo de Trabalho para defini\u00e7\u00e3o de estrat\u00e9gias e par\u00e2metros para implanta\u00e7\u00e3o de um sistema eletr\u00f4nico para tramita\u00e7\u00e3o de processos administrativos tribut\u00e1rios no \u00e2mbito da Secretaria de Estado da Fazenda.<\/p>\n","protected":false},"author":5,"featured_media":0,"comment_status":"closed","ping_status":"closed","sticky":false,"template":"","format":"standard","meta":{"_acf_changed":false,"footnotes":""},"categories":[3,33],"tags":[73,66],"class_list":["post-19137","post","type-post","status-publish","format-standard","hentry","category-legislacao","category-portarias","tag-legislacao-institucional-e-funcional","tag-pat"],"acf":[],"_links":{"self":[{"href":"https:\/\/sefaz.ac.gov.br\/2021\/index.php?rest_route=\/wp\/v2\/posts\/19137","targetHints":{"allow":["GET"]}}],"collection":[{"href":"https:\/\/sefaz.ac.gov.br\/2021\/index.php?rest_route=\/wp\/v2\/posts"}],"about":[{"href":"https:\/\/sefaz.ac.gov.br\/2021\/index.php?rest_route=\/wp\/v2\/types\/post"}],"author":[{"embeddable":true,"href":"https:\/\/sefaz.ac.gov.br\/2021\/index.php?rest_route=\/wp\/v2\/users\/5"}],"replies":[{"embeddable":true,"href":"https:\/\/sefaz.ac.gov.br\/2021\/index.php?rest_route=%2Fwp%2Fv2%2Fcomments&post=19137"}],"version-history":[{"count":0,"href":"https:\/\/sefaz.ac.gov.br\/2021\/index.php?rest_route=\/wp\/v2\/posts\/19137\/revisions"}],"wp:attachment":[{"href":"https:\/\/sefaz.ac.gov.br\/2021\/index.php?rest_route=%2Fwp%2Fv2%2Fmedia&parent=19137"}],"wp:term":[{"taxonomy":"category","embeddable":true,"href":"https:\/\/sefaz.ac.gov.br\/2021\/index.php?rest_route=%2Fwp%2Fv2%2Fcategories&post=19137"},{"taxonomy":"post_tag","embeddable":true,"href":"https:\/\/sefaz.ac.gov.br\/2021\/index.php?rest_route=%2Fwp%2Fv2%2Ftags&post=19137"}],"curies":[{"name":"wp","href":"https:\/\/api.w.org\/{rel}","templated":true}]}}