{"id":19081,"date":"2024-01-05T09:55:32","date_gmt":"2024-01-05T12:55:32","guid":{"rendered":"http:\/\/sefaz.ac.gov.br:80\/2021\/?p=19081"},"modified":"2024-01-22T09:56:54","modified_gmt":"2024-01-22T12:56:54","slug":"lei-complementar-no-460-de-5-de-janeiro-de-2024","status":"publish","type":"post","link":"https:\/\/sefaz.ac.gov.br\/2021\/?p=19081","title":{"rendered":"LEI COMPLEMENTAR N\u00ba 460, DE 5 DE JANEIRO DE 2024"},"content":{"rendered":"\n<p class=\"wp-block-paragraph\"><strong>O GOVERNADOR DO ESTADO DO ACRE<\/strong><\/p>\n\n\n\n<p class=\"wp-block-paragraph\"><strong>FA\u00c7O SABER<\/strong> que a Assembleia Legislativa do Estado do Acre decreta e eu sanciono a seguinte Lei Complementar:<\/p>\n\n\n\n<p class=\"wp-block-paragraph\">Art. 1\u00ba A Lei Complementar n\u00ba 55, de 9 de julho de 1997, passa a vigorar com a seguinte reda\u00e7\u00e3o:<\/p>\n\n\n\n<blockquote class=\"wp-block-quote is-layout-flow wp-block-quote-is-layout-flow\">\n<p class=\"wp-block-paragraph\">\u201cArt. 26-A. Fica o Poder Executivo autorizado a exigir do contribuinte a complementa\u00e7\u00e3o do imposto devido por substitui\u00e7\u00e3o tribut\u00e1ria e\/ou antecipa\u00e7\u00e3o com encerramento de tributa\u00e7\u00e3o nas opera\u00e7\u00f5es entre contribuintes quando o valor da opera\u00e7\u00e3o por ele praticado se efetivar em montante superior \u00e0 base de c\u00e1lculo presumida utilizada para o c\u00e1lculo do imposto devido.\u201d (NR)<\/p>\n\n\n\n<p class=\"wp-block-paragraph\">\u201cArt. 26-B. O contribuinte dever\u00e1 recolher o valor relativo \u00e0 complementa\u00e7\u00e3o do imposto devido por substitui\u00e7\u00e3o tribut\u00e1ria e\/ou antecipa\u00e7\u00e3o com encerramento de tributa\u00e7\u00e3o, quando a base de c\u00e1lculo da opera\u00e7\u00e3o a consumidor final se efetivar em montante superior \u00e0 base de c\u00e1lculo presumida utilizada para o c\u00e1lculo do imposto devido, observados a forma, o prazo e as condi\u00e7\u00f5es previstos em regulamento.\u201d (NR)<\/p>\n<\/blockquote>\n\n\n\n<p class=\"wp-block-paragraph\">Art. 2\u00ba Esta Lei Complementar entra em vigor na data de sua publica\u00e7\u00e3o.<\/p>\n\n\n\n<p class=\"wp-block-paragraph\">Rio Branco &#8211; Acre, 5 de janeiro de 2024, 136\u00ba da Rep\u00fablica, 122\u00ba do Tratado de Petr\u00f3polis e 63\u00ba do Estado do Acre.<\/p>\n","protected":false},"excerpt":{"rendered":"<p>Altera a Lei Complementar n\u00ba 55, de 9 de julho de 1997, que disp\u00f5e quanto ao Imposto sobre Opera\u00e7\u00f5es Relativas \u00e0 Circula\u00e7\u00e3o de Mercadorias e sobre Presta\u00e7\u00f5es de Servi\u00e7os de Transporte Interestadual e Intermunicipal e de Comunica\u00e7\u00e3o &#8211; ICMS, para adequa\u00e7\u00e3o referente ao instituto da substitui\u00e7\u00e3o tribut\u00e1ria progressiva.<\/p>\n","protected":false},"author":5,"featured_media":0,"comment_status":"closed","ping_status":"closed","sticky":false,"template":"","format":"standard","meta":{"_acf_changed":false,"footnotes":""},"categories":[3,30],"tags":[35],"class_list":["post-19081","post","type-post","status-publish","format-standard","hentry","category-legislacao","category-leis-complementares","tag-icms"],"acf":[],"_links":{"self":[{"href":"https:\/\/sefaz.ac.gov.br\/2021\/index.php?rest_route=\/wp\/v2\/posts\/19081","targetHints":{"allow":["GET"]}}],"collection":[{"href":"https:\/\/sefaz.ac.gov.br\/2021\/index.php?rest_route=\/wp\/v2\/posts"}],"about":[{"href":"https:\/\/sefaz.ac.gov.br\/2021\/index.php?rest_route=\/wp\/v2\/types\/post"}],"author":[{"embeddable":true,"href":"https:\/\/sefaz.ac.gov.br\/2021\/index.php?rest_route=\/wp\/v2\/users\/5"}],"replies":[{"embeddable":true,"href":"https:\/\/sefaz.ac.gov.br\/2021\/index.php?rest_route=%2Fwp%2Fv2%2Fcomments&post=19081"}],"version-history":[{"count":0,"href":"https:\/\/sefaz.ac.gov.br\/2021\/index.php?rest_route=\/wp\/v2\/posts\/19081\/revisions"}],"wp:attachment":[{"href":"https:\/\/sefaz.ac.gov.br\/2021\/index.php?rest_route=%2Fwp%2Fv2%2Fmedia&parent=19081"}],"wp:term":[{"taxonomy":"category","embeddable":true,"href":"https:\/\/sefaz.ac.gov.br\/2021\/index.php?rest_route=%2Fwp%2Fv2%2Fcategories&post=19081"},{"taxonomy":"post_tag","embeddable":true,"href":"https:\/\/sefaz.ac.gov.br\/2021\/index.php?rest_route=%2Fwp%2Fv2%2Ftags&post=19081"}],"curies":[{"name":"wp","href":"https:\/\/api.w.org\/{rel}","templated":true}]}}