{"id":19059,"date":"2024-01-19T09:43:34","date_gmt":"2024-01-19T12:43:34","guid":{"rendered":"http:\/\/sefaz.ac.gov.br:80\/2021\/?p=19059"},"modified":"2024-01-22T09:45:56","modified_gmt":"2024-01-22T12:45:56","slug":"portaria-sefaz-no-19-de-15-de-janeiro-de-2024","status":"publish","type":"post","link":"https:\/\/sefaz.ac.gov.br\/2021\/?p=19059","title":{"rendered":"PORTARIA SEFAZ N\u00ba 19, DE 15 DE JANEIRO DE 2024"},"content":{"rendered":"\n<p class=\"wp-block-paragraph\"><strong>O SECRET\u00c1RIO DE ESTADO DA FAZENDA<\/strong>, no uso de suas atribui\u00e7\u00f5es constitucionais e legais que lhe confere o Decreto n\u00ba 4.059-P, de 05 de junho de 2023, publicado no Di\u00e1rio Oficial n\u00ba 13.550, de 07 de junho de 2023; e<\/p>\n\n\n\n<p class=\"wp-block-paragraph\">CONSIDERANDO o Decreto n\u00ba 11.253, de 05 de junho de 2023, e os incisos XI e XII do art. 4\u00ba da Portaria n\u00ba 513, de 20 de junho de 2023, que aprovou o Regimento Interno da Secretaria de Estado da Fazenda;<\/p>\n\n\n\n<p class=\"wp-block-paragraph\">CONSIDERANDO o art. 34 da Lei n\u00ba 2.265, de 31 de mar\u00e7o de 2010, alterada pela Lei n\u00ba 2.730, de 22 de agosto de 2013;<\/p>\n\n\n\n<p class=\"wp-block-paragraph\">CONSIDERANDO o Decreto n\u00ba 5.587, de 12 de agosto de 2010, que disp\u00f5e sobre a regulamenta\u00e7\u00e3o do Pr\u00eamio Anual de Valoriza\u00e7\u00e3o da Atividade Fazend\u00e1ria;<\/p>\n\n\n\n<p class=\"wp-block-paragraph\">CONSIDERANDO o resultado global e a meta de arrecada\u00e7\u00e3o estabelecidos pela Portaria Sefaz n\u00ba 353, de 15 de mar\u00e7o de 2023;<\/p>\n\n\n\n<p class=\"wp-block-paragraph\">CONSIDERANDO, ainda, as justificativas e recomenda\u00e7\u00f5es contidas no Relat\u00f3rio do Comit\u00ea Especial de Estabelecimento das Metas do Exerc\u00edcio de 2023, objeto do Processo SEI n\u00ba 96036995;<\/p>\n\n\n\n<p class=\"wp-block-paragraph\">CONSIDERANDO o DESPACHO N\u00ba 36\/2024\/SEFAZ &#8211; GSARE (SEI 9596858), exarada pela Secretaria Adjunta da Receita Estadual &#8211; SARE; e<\/p>\n\n\n\n<p class=\"wp-block-paragraph\">CONSIDERANDO o constante dos autos do Processo SEI n\u00ba 0715.012448.00046\/ 2024-60.<\/p>\n\n\n\n<p class=\"wp-block-paragraph\"><strong>RESOLVE:<\/strong><\/p>\n\n\n\n<p class=\"wp-block-paragraph\">Art. 1\u00ba Homologar o alcance do resultado global e o cumprimento da meta de arrecada\u00e7\u00e3o da Secretaria de Estado da Fazenda &#8211; SEFAZ, referente ao exerc\u00edcio de 2023, em raz\u00e3o da arrecada\u00e7\u00e3o no montante de R$ 1.888.564.048,60 (um bilh\u00e3o oitocentos e oitenta e oito milh\u00f5es quinhentos e sessenta e quatro mil e quarenta e oito reais e sessenta centavos) a t\u00edtulo de ICMS.<\/p>\n\n\n\n<p class=\"wp-block-paragraph\">Art. 2\u00ba Observando a disponibilidade or\u00e7ament\u00e1ria e financeira, fica autorizado o pagamento do Pr\u00eamio Anual de Valoriza\u00e7\u00e3o da Atividade Fazend\u00e1ria aos servidores da Secretaria de Estado da Fazenda, relativo ao cumprimento da meta do exerc\u00edcio de 2023, descontado adiantamento efetuado quando do cumprimento da submeta do primeiro semestre do exerc\u00edcio.<\/p>\n\n\n\n<p class=\"wp-block-paragraph\">Art. 3\u00ba Determinar que a Diretoria de Administra\u00e7\u00e3o e Finan\u00e7as elabore a lista de benefici\u00e1rios e apure o percentual a ser concedido a cada servidor.<\/p>\n\n\n\n<p class=\"wp-block-paragraph\">Art. 4\u00ba Esta Portaria entra em vigor na data de sua publica\u00e7\u00e3o.<\/p>\n\n\n\n<p class=\"wp-block-paragraph\">Rio Branco\/AC, de 16 de janeiro de 2024.<\/p>\n","protected":false},"excerpt":{"rendered":"<p>Homologa o alcance do resultado global e o cumprimento da meta cumprimento da meta do exerc\u00edcio de 2023 e autoriza o pagamento do Pr\u00eamio Anual de Valoriza\u00e7\u00e3o da Atividade Fazend\u00e1ria aos servidores da Secretaria de Estado da Fazenda &#8211; SEFAZ.<\/p>\n","protected":false},"author":5,"featured_media":0,"comment_status":"closed","ping_status":"closed","sticky":false,"template":"","format":"standard","meta":{"_acf_changed":false,"footnotes":""},"categories":[3,33],"tags":[73],"class_list":["post-19059","post","type-post","status-publish","format-standard","hentry","category-legislacao","category-portarias","tag-legislacao-institucional-e-funcional"],"acf":[],"_links":{"self":[{"href":"https:\/\/sefaz.ac.gov.br\/2021\/index.php?rest_route=\/wp\/v2\/posts\/19059","targetHints":{"allow":["GET"]}}],"collection":[{"href":"https:\/\/sefaz.ac.gov.br\/2021\/index.php?rest_route=\/wp\/v2\/posts"}],"about":[{"href":"https:\/\/sefaz.ac.gov.br\/2021\/index.php?rest_route=\/wp\/v2\/types\/post"}],"author":[{"embeddable":true,"href":"https:\/\/sefaz.ac.gov.br\/2021\/index.php?rest_route=\/wp\/v2\/users\/5"}],"replies":[{"embeddable":true,"href":"https:\/\/sefaz.ac.gov.br\/2021\/index.php?rest_route=%2Fwp%2Fv2%2Fcomments&post=19059"}],"version-history":[{"count":0,"href":"https:\/\/sefaz.ac.gov.br\/2021\/index.php?rest_route=\/wp\/v2\/posts\/19059\/revisions"}],"wp:attachment":[{"href":"https:\/\/sefaz.ac.gov.br\/2021\/index.php?rest_route=%2Fwp%2Fv2%2Fmedia&parent=19059"}],"wp:term":[{"taxonomy":"category","embeddable":true,"href":"https:\/\/sefaz.ac.gov.br\/2021\/index.php?rest_route=%2Fwp%2Fv2%2Fcategories&post=19059"},{"taxonomy":"post_tag","embeddable":true,"href":"https:\/\/sefaz.ac.gov.br\/2021\/index.php?rest_route=%2Fwp%2Fv2%2Ftags&post=19059"}],"curies":[{"name":"wp","href":"https:\/\/api.w.org\/{rel}","templated":true}]}}