{"id":18998,"date":"2023-12-20T21:09:19","date_gmt":"2023-12-21T00:09:19","guid":{"rendered":"http:\/\/sefaz.acre.gov.br:80\/2021\/?p=18998"},"modified":"2024-01-05T21:16:49","modified_gmt":"2024-01-06T00:16:49","slug":"lei-no-4-280-de-20-de-dezembro-de-2023","status":"publish","type":"post","link":"https:\/\/sefaz.ac.gov.br\/2021\/?p=18998","title":{"rendered":"LEI N\u00ba 4.280, DE 20 DE DEZEMBRO DE 2023"},"content":{"rendered":"\n<p class=\"wp-block-paragraph\"><strong>O GOVERNADOR DO ESTADO DO ACRE<\/strong><\/p>\n\n\n\n<p class=\"wp-block-paragraph\"><strong>FA\u00c7O SABER<\/strong> que a Assembleia Legislativa do Estado do Acre decreta e eu sanciono a seguinte Lei:<\/p>\n\n\n\n<p class=\"wp-block-paragraph\">Art. 1\u00ba Fica institu\u00eddo o Programa Mais Luz para o Acre, visando \u00e0 concess\u00e3o de subs\u00eddio para o pagamento da energia el\u00e9trica de moradores residentes em comunidades de \u00e1reas remotas do Estado e que adotam a gera\u00e7\u00e3o solar como meio prim\u00e1rio de obten\u00e7\u00e3o de energia.<\/p>\n\n\n\n<p class=\"wp-block-paragraph\">Art. 2\u00ba Para os efeitos desta Lei, considera-se:<\/p>\n\n\n\n<p class=\"wp-block-paragraph\">I &#8211; comunidades remotas: qualquer agrupamento humano residente em \u00e1reas que, por suas caracter\u00edsticas geogr\u00e1ficas, socioecon\u00f4micas ou de infraestrutura, apresentam restri\u00e7\u00f5es significativas de acesso regular aos servi\u00e7os de energia el\u00e9trica convencional;<\/p>\n\n\n\n<p class=\"wp-block-paragraph\">II &#8211; gera\u00e7\u00e3o solar: a obten\u00e7\u00e3o de energia el\u00e9trica a partir da energia solar fotovoltaica, mediante a instala\u00e7\u00e3o de pain\u00e9is solares.<\/p>\n\n\n\n<p class=\"wp-block-paragraph\">Art. 3\u00ba A energia el\u00e9trica das comunidades enquadradas na defini\u00e7\u00e3o do inciso I do art. 2\u00ba poder\u00e1 ser subsidiada pelo Estado, desde que, cumulativamente:<\/p>\n\n\n\n<p class=\"wp-block-paragraph\">I &#8211; a energia seja gerada exclusivamente por meio de sistemas de energia solar;<\/p>\n\n\n\n<p class=\"wp-block-paragraph\">II &#8211; a pot\u00eancia instalada n\u00e3o exceda a demanda de energia da unidade consumidora;<\/p>\n\n\n\n<p class=\"wp-block-paragraph\">III &#8211; o consumo mensal n\u00e3o exceda o limite m\u00e1ximo de duzentos e vinte quilowatt-hora.<\/p>\n\n\n\n<p class=\"wp-block-paragraph\">Art. 4\u00ba Para ser benefici\u00e1rio do Programa Mais Luz para o Acre, a unidade consumidora deve ser benefici\u00e1ria do Programa Nacional de Universaliza\u00e7\u00e3o do Acesso e Uso da Energia El\u00e9trica &#8211; Luz para Todos, ou programa equivalente que vier a substitu\u00ed-lo.<\/p>\n\n\n\n<p class=\"wp-block-paragraph\">Art. 5\u00ba Ficam exclu\u00eddas do Programa Mais Luz para o Acre as unidades consumidoras:<\/p>\n\n\n\n<p class=\"wp-block-paragraph\">I &#8211; cujos consumidores benefici\u00e1rios n\u00e3o residem no im\u00f3vel;<\/p>\n\n\n\n<p class=\"wp-block-paragraph\">II &#8211; que n\u00e3o se enquadram nos crit\u00e9rios estabelecidos nos arts. 3\u00ba e 4\u00ba;<\/p>\n\n\n\n<p class=\"wp-block-paragraph\">III &#8211; cujo consumo mensal \u00e9 igual a zero.<\/p>\n\n\n\n<p class=\"wp-block-paragraph\">Art. 6\u00ba O benef\u00edcio \u00e9 limitado a apenas um sistema por unidade consumidora.<\/p>\n\n\n\n<p class=\"wp-block-paragraph\">Art. 7\u00ba Cabe ao Poder Executivo, em parceria com a concession\u00e1ria de distribui\u00e7\u00e3o de energia el\u00e9trica em opera\u00e7\u00e3o no Estado:<\/p>\n\n\n\n<p class=\"wp-block-paragraph\">I &#8211; a identifica\u00e7\u00e3o das comunidades enquadradas na defini\u00e7\u00e3o do inciso I do art. 2\u00ba;<\/p>\n\n\n\n<p class=\"wp-block-paragraph\">II &#8211; a implementa\u00e7\u00e3o do projeto;<\/p>\n\n\n\n<p class=\"wp-block-paragraph\">III &#8211; o monitoramento e o controle do uso da energia solar nesses locais.<\/p>\n\n\n\n<p class=\"wp-block-paragraph\">Art. 8\u00ba Cabe \u00e0 concession\u00e1ria de distribui\u00e7\u00e3o de energia el\u00e9trica em opera\u00e7\u00e3o no Estado:<\/p>\n\n\n\n<p class=\"wp-block-paragraph\">I &#8211; o levantamento cadastral e da demanda dos consumidores;<\/p>\n\n\n\n<p class=\"wp-block-paragraph\">II &#8211; a implanta\u00e7\u00e3o dos sistemas fotovoltaicos nas respectivas unidades consumidoras;<\/p>\n\n\n\n<p class=\"wp-block-paragraph\">III &#8211; a execu\u00e7\u00e3o da opera\u00e7\u00e3o e a manuten\u00e7\u00e3o de todo o sistema;<\/p>\n\n\n\n<p class=\"wp-block-paragraph\">IV &#8211; a emiss\u00e3o de Nota Fiscal de Energia El\u00e9trica Eletr\u00f4nica &#8211; NF3-e dos benefici\u00e1rios do Programa Mais Luz para o Acre.<\/p>\n\n\n\n<p class=\"wp-block-paragraph\">Art. 9\u00ba A obriga\u00e7\u00e3o do Estado, para os fins do Programa Mais Luz para o Acre, consiste no pagamento, por meio de ressarcimento \u00e0 concession\u00e1ria de distribui\u00e7\u00e3o de energia el\u00e9trica participante deste Programa, do valor mensal do consumo de energia el\u00e9trica por unidade residencial enquadrada nesta Lei, incluindo-se os encargos e os tributos federais e estaduais incidentes, e a Contribui\u00e7\u00e3o para o Custeio do Servi\u00e7o de Ilumina\u00e7\u00e3o P\u00fablica &#8211; COSIP, deduzidos os montantes objetos dos descontos advindos do Programa Tarifa Social de Energia El\u00e9trica do Governo Federal.<\/p>\n\n\n\n<p class=\"wp-block-paragraph\">Par\u00e1grafo \u00fanico. N\u00e3o est\u00e3o inclu\u00eddos no pagamento de que trata o <strong>caput<\/strong> os valores referentes:<\/p>\n\n\n\n<p class=\"wp-block-paragraph\">I &#8211; \u00e0s multas, juros e corre\u00e7\u00e3o monet\u00e1ria devidos em raz\u00e3o de atraso de pagamento;<\/p>\n\n\n\n<p class=\"wp-block-paragraph\">II &#8211; a outras despesas autorizadas ou constitu\u00eddas pelo consumidor perante as concession\u00e1rias, permission\u00e1rias ou autorizadas de distribui\u00e7\u00e3o de energia el\u00e9trica.<\/p>\n\n\n\n<p class=\"wp-block-paragraph\">Art. 10. Fica o Poder Executivo autorizado a abrir cr\u00e9dito adicional destinado \u00e0 implementa\u00e7\u00e3o do disposto nesta Lei.<\/p>\n\n\n\n<p class=\"wp-block-paragraph\">Art. 11. Fica o Poder Executivo autorizado a regulamentar as disposi\u00e7\u00f5es desta Lei.<\/p>\n\n\n\n<p class=\"wp-block-paragraph\">Art. 12. Esta Lei entra em vigor na data de sua publica\u00e7\u00e3o.<\/p>\n\n\n\n<p class=\"wp-block-paragraph\">Rio Branco &#8211; Acre, 20 de dezembro de 2023, 135\u00ba da Rep\u00fablica, 121\u00ba do Tratado de Petr\u00f3polis e 62\u00ba do Estado do Acre.<\/p>\n","protected":false},"excerpt":{"rendered":"<p>Disp\u00f5e sobre o Programa Mais Luz para o Acre.<\/p>\n","protected":false},"author":5,"featured_media":0,"comment_status":"closed","ping_status":"closed","sticky":false,"template":"","format":"standard","meta":{"_acf_changed":false,"footnotes":""},"categories":[3,31],"tags":[35,78],"class_list":["post-18998","post","type-post","status-publish","format-standard","hentry","category-legislacao","category-leis-ordinarias","tag-icms","tag-incentivos"],"acf":[],"_links":{"self":[{"href":"https:\/\/sefaz.ac.gov.br\/2021\/index.php?rest_route=\/wp\/v2\/posts\/18998","targetHints":{"allow":["GET"]}}],"collection":[{"href":"https:\/\/sefaz.ac.gov.br\/2021\/index.php?rest_route=\/wp\/v2\/posts"}],"about":[{"href":"https:\/\/sefaz.ac.gov.br\/2021\/index.php?rest_route=\/wp\/v2\/types\/post"}],"author":[{"embeddable":true,"href":"https:\/\/sefaz.ac.gov.br\/2021\/index.php?rest_route=\/wp\/v2\/users\/5"}],"replies":[{"embeddable":true,"href":"https:\/\/sefaz.ac.gov.br\/2021\/index.php?rest_route=%2Fwp%2Fv2%2Fcomments&post=18998"}],"version-history":[{"count":0,"href":"https:\/\/sefaz.ac.gov.br\/2021\/index.php?rest_route=\/wp\/v2\/posts\/18998\/revisions"}],"wp:attachment":[{"href":"https:\/\/sefaz.ac.gov.br\/2021\/index.php?rest_route=%2Fwp%2Fv2%2Fmedia&parent=18998"}],"wp:term":[{"taxonomy":"category","embeddable":true,"href":"https:\/\/sefaz.ac.gov.br\/2021\/index.php?rest_route=%2Fwp%2Fv2%2Fcategories&post=18998"},{"taxonomy":"post_tag","embeddable":true,"href":"https:\/\/sefaz.ac.gov.br\/2021\/index.php?rest_route=%2Fwp%2Fv2%2Ftags&post=18998"}],"curies":[{"name":"wp","href":"https:\/\/api.w.org\/{rel}","templated":true}]}}