{"id":18950,"date":"2023-12-27T13:35:16","date_gmt":"2023-12-27T16:35:16","guid":{"rendered":"http:\/\/sefaz.acre.gov.br:80\/2021\/?p=18950"},"modified":"2024-07-04T14:36:08","modified_gmt":"2024-07-04T17:36:08","slug":"lei-no-4-287-de-27-de-dezembro-de-2023","status":"publish","type":"post","link":"https:\/\/sefaz.ac.gov.br\/2021\/?p=18950","title":{"rendered":"LEI N\u00ba 4.287, DE 27 DE DEZEMBRO DE 2023"},"content":{"rendered":"\n<p class=\"wp-block-paragraph\">O GOVERNADOR DO ESTADO DO ACRE<\/p>\n\n\n\n<p class=\"wp-block-paragraph\">FA\u00c7O SABER que a Assembleia Legislativa do Estado do Acre decreta e eu sanciono a seguinte Lei:<\/p>\n\n\n\n<p class=\"wp-block-paragraph\">Art. 1\u00ba Fica reduzida a base de c\u00e1lculo do Imposto sobre Opera\u00e7\u00f5es relativas \u00e0 Circula\u00e7\u00e3o de Mercadorias e sobre Presta\u00e7\u00f5es de Servi\u00e7os de Transporte Interestadual e Intermunicipal e de Comunica\u00e7\u00e3o &#8211; ICMS, nas opera\u00e7\u00f5es de importa\u00e7\u00f5es realizadas por remessas postais ou expressas, de forma que a carga tribut\u00e1ria seja equivalente a dezessete por cento, inclu\u00eddos eventuais adicionais previstos em legisla\u00e7\u00e3o estadual, independentemente da classifica\u00e7\u00e3o tribut\u00e1ria do produto importado.<\/p>\n\n\n\n<p class=\"wp-block-paragraph\">\u00a7 1\u00ba O disposto no caput deste artigo somente se aplica quando a remessa<br>internacional tiver sido submetida, no \u00e2mbito federal, ao Regime de Tributa\u00e7\u00e3o Simplificada &#8211; RTS, institu\u00eddo pelo Decreto-Lei n\u00ba 1.804, de 3 de setembro de 1980.<\/p>\n\n\n\n<p class=\"wp-block-paragraph\">\u00a7 2\u00ba \u00c0s opera\u00e7\u00f5es de que trata o caput deste artigo n\u00e3o se aplicam a quaisquer outros benef\u00edcios fiscais relativos ao ICMS, salvo aqueles concedidos nos termos do Conv\u00eanio ICMS n\u00ba 18, de 4 de abril de 1995.<\/p>\n\n\n\n<p class=\"wp-block-paragraph\">\u00a7 3\u00ba O benef\u00edcio previsto no caput deste artigo viger\u00e1 enquanto vigorar o<br>Conv\u00eanio ICMS n\u00ba 81, de 22 de junho de 2023.<\/p>\n\n\n\n<p class=\"wp-block-paragraph\">Art. 2\u00ba Esta Lei entra em vigor na data de sua publica\u00e7\u00e3o, com efeitos a contar de 1\u00ba de agosto de 2023.<\/p>\n\n\n\n<p class=\"wp-block-paragraph\">Rio Branco &#8211; Acre, 27 de dezembro de 2023, 135\u00ba da Rep\u00fablica, 121\u00ba do Tratado de Petr\u00f3polis e 62\u00ba do Estado do Acre.<\/p>\n","protected":false},"excerpt":{"rendered":"<p>Disp\u00f5e sobre a redu\u00e7\u00e3o da base de c\u00e1lculo do Imposto sobre Opera\u00e7\u00f5es Relativas \u00e0 Circula\u00e7\u00e3o de Mercadorias e sobre Presta\u00e7\u00f5es de Servi\u00e7os de Transporte Interestadual e Intermunicipal e de Comunica\u00e7\u00e3o &#8211; ICMS nas opera\u00e7\u00f5es de importa\u00e7\u00e3o realizadas por remessas postais ou expressas.<\/p>\n","protected":false},"author":5,"featured_media":0,"comment_status":"closed","ping_status":"closed","sticky":false,"template":"","format":"standard","meta":{"_acf_changed":false,"footnotes":""},"categories":[3,31],"tags":[35],"class_list":["post-18950","post","type-post","status-publish","format-standard","hentry","category-legislacao","category-leis-ordinarias","tag-icms"],"acf":[],"_links":{"self":[{"href":"https:\/\/sefaz.ac.gov.br\/2021\/index.php?rest_route=\/wp\/v2\/posts\/18950","targetHints":{"allow":["GET"]}}],"collection":[{"href":"https:\/\/sefaz.ac.gov.br\/2021\/index.php?rest_route=\/wp\/v2\/posts"}],"about":[{"href":"https:\/\/sefaz.ac.gov.br\/2021\/index.php?rest_route=\/wp\/v2\/types\/post"}],"author":[{"embeddable":true,"href":"https:\/\/sefaz.ac.gov.br\/2021\/index.php?rest_route=\/wp\/v2\/users\/5"}],"replies":[{"embeddable":true,"href":"https:\/\/sefaz.ac.gov.br\/2021\/index.php?rest_route=%2Fwp%2Fv2%2Fcomments&post=18950"}],"version-history":[{"count":1,"href":"https:\/\/sefaz.ac.gov.br\/2021\/index.php?rest_route=\/wp\/v2\/posts\/18950\/revisions"}],"predecessor-version":[{"id":20227,"href":"https:\/\/sefaz.ac.gov.br\/2021\/index.php?rest_route=\/wp\/v2\/posts\/18950\/revisions\/20227"}],"wp:attachment":[{"href":"https:\/\/sefaz.ac.gov.br\/2021\/index.php?rest_route=%2Fwp%2Fv2%2Fmedia&parent=18950"}],"wp:term":[{"taxonomy":"category","embeddable":true,"href":"https:\/\/sefaz.ac.gov.br\/2021\/index.php?rest_route=%2Fwp%2Fv2%2Fcategories&post=18950"},{"taxonomy":"post_tag","embeddable":true,"href":"https:\/\/sefaz.ac.gov.br\/2021\/index.php?rest_route=%2Fwp%2Fv2%2Ftags&post=18950"}],"curies":[{"name":"wp","href":"https:\/\/api.w.org\/{rel}","templated":true}]}}