{"id":18884,"date":"2023-12-12T12:16:43","date_gmt":"2023-12-12T15:16:43","guid":{"rendered":"http:\/\/sefaz.acre.gov.br:80\/2021\/?p=18884"},"modified":"2026-03-13T10:08:47","modified_gmt":"2026-03-13T13:08:47","slug":"portaria-sefaz-no-962-de-12-de-dezembro-de-2023","status":"publish","type":"post","link":"https:\/\/sefaz.ac.gov.br\/2021\/?p=18884","title":{"rendered":"PORTARIA SEFAZ N\u00ba 962, DE 12 DE DEZEMBRO DE 2023"},"content":{"rendered":"\r\n<p class=\"wp-block-paragraph\"><strong>O SECRET\u00c1RIO DE ESTADO DA FAZENDA, <\/strong>no uso de suas atribui\u00e7\u00f5es constitucionais e legais que lhe confere o Decreto n\u00ba 4.059-P, de 05 de junho de 2023, publicado no Di\u00e1rio Oficial n\u00ba 13.550, de 07 de junho de 2023;<\/p>\r\n\r\n\r\n\r\n<p class=\"wp-block-paragraph\">Considerando o Decreto n\u00ba 11.253, de 05 de junho de 2023; e o art. 4\u00ba, XI e XII, da Portaria n\u00ba 513 de 20 de junho de 2023, que aprovou o Regimento Interno da Secretaria de Estado da Fazenda;<\/p>\r\n\r\n\r\n\r\n<p class=\"wp-block-paragraph\">Considerando a Comunica\u00e7\u00e3o Interna n\u00ba 17\/2023\/SEFAZ &#8211; UCP (SEI 9248987) exarada pela Unidade de Coordena\u00e7\u00e3o de Programas &#8211; UCP; e<\/p>\r\n\r\n\r\n\r\n<p class=\"wp-block-paragraph\">Considerando o constante dos autos do processo n\u00ba 0715.013690.00012\/2022-02.<\/p>\r\n\r\n\r\n\r\n<p class=\"wp-block-paragraph\"><strong>RESOLVE:<\/strong><\/p>\r\n\r\n\r\n\r\n<p class=\"wp-block-paragraph\">Art. 1\u00ba Aprovar o Planejamento Estrat\u00e9gico da Secretaria de Estado da Fazenda do Acre &#8211; SEFAZ, para o quadri\u00eanio 2024-2028, conforme documento dispon\u00edvel no s\u00edtio oficial da SEFAZ e Anexo \u00fanico desta Portaria.<\/p>\r\n\r\n\r\n\r\n<p class=\"wp-block-paragraph\">\u00a7 1\u00ba Os princ\u00edpios da efici\u00eancia, responsabilidade, transpar\u00eancia, comunica\u00e7\u00e3o, flexibilidade, autocomposi\u00e7\u00e3o dentre outros que se aplicam \u00e0 Administra\u00e7\u00e3o P\u00fablica, nortear\u00e3o a elabora\u00e7\u00e3o, o acompanhamento e a revis\u00e3o do Planejamento Estrat\u00e9gico.<\/p>\r\n\r\n\r\n\r\n<p class=\"wp-block-paragraph\">\u00a7 2\u00ba O Planejamento Estrat\u00e9gico conter\u00e1 as iniciativas, programas, projetos e subprocessos, necess\u00e1rios ao alcance dos objetivos estrat\u00e9gicos, bem como seus respectivos indicadores, metas e respons\u00e1veis.<\/p>\r\n\r\n\r\n\r\n<p class=\"wp-block-paragraph\">Art. 2\u00ba Designar para atuar como membros na a\u00e7\u00e3o estrat\u00e9gica do Comit\u00ea Gestor do Planejamento Estrat\u00e9gico da SEFAZ, os titulares no \u00e2mbito das seguintes unidades organizacionais:<\/p>\r\n\r\n\r\n\r\n<p class=\"wp-block-paragraph\">I &#8211; Titular da Secretaria de Estado de Fazenda &#8211; membro;<\/p>\r\n\r\n\r\n\r\n<p class=\"wp-block-paragraph\">II &#8211; Titular da Secretaria Adjunta da Receita Estadual &#8211; membro;<\/p>\r\n\r\n\r\n\r\n<p class=\"wp-block-paragraph\">III &#8211; Titular da Secretaria Adjunta do Tesouro Estadual &#8211; membro;<\/p>\r\n\r\n\r\n\r\n<p class=\"wp-block-paragraph\">IV &#8211; Titular da Diretoria Administrativa e Financeira &#8211; membro;<\/p>\r\n\r\n\r\n\r\n<p class=\"wp-block-paragraph\">V &#8211; Titular da Diretoria de Administra\u00e7\u00e3o Tribut\u00e1ria &#8211; membro;<\/p>\r\n\r\n\r\n\r\n<p class=\"wp-block-paragraph\">VI &#8211; Titular da Diretoria de Contabilidade Geral do Estado &#8211; membro;<\/p>\r\n\r\n\r\n\r\n<p class=\"wp-block-paragraph\">VII &#8211; Titular da Diretoria de Planejamento Or\u00e7ament\u00e1rio &#8211; membro;<\/p>\r\n\r\n\r\n\r\n<p class=\"wp-block-paragraph\">VIII &#8211; Titular da Diretoria do Tesouro Estadual &#8211; membro;<\/p>\r\n\r\n\r\n\r\n<p class=\"wp-block-paragraph\">IX &#8211; Titular do Departamento de Tecnologia da Informa\u00e7\u00e3o &#8211; membro;<\/p>\r\n\r\n\r\n\r\n<p class=\"wp-block-paragraph\">XI &#8211; Titular da Corregedoria Fazend\u00e1ria &#8211; membro;<\/p>\r\n\r\n\r\n\r\n<p class=\"wp-block-paragraph\">XII -Titular da Ouvidoria &#8211; membro;<\/p>\r\n\r\n\r\n\r\n<p class=\"wp-block-paragraph\">XIII &#8211; Titular da Escola Fazend\u00e1ria &#8211; membro;<\/p>\r\n<p><span style=\"color: #ff0000;\">Nova reda\u00e7\u00e3o dada pela Portaria SEFAZ n\u00ba 51, de 6 de fevereiro de 2026. Efeitos a partir de 10 de fevereiro de 2026.<\/span><\/p>\r\n<p>XIV &#8211; Titular da Diretoria de Governan\u00e7a e Gest\u00e3o Estrat\u00e9gica &#8211; membro.\u00a0\u00a0\u00a0\u00a0\u00a0\u00a0\u00a0\u00a0<\/p>\r\n<blockquote>\r\n<p><span style=\"color: #339966;\"><strong>Reda\u00e7\u00e3o<\/strong><strong> original: <\/strong>efeitos at\u00e9 9 de fevereiro de 2026.<\/span><\/p>\r\n<span style=\"color: #339966;\">\r\n\r\n<\/span>\r\n<p class=\"wp-block-paragraph\"><span style=\"color: #339966;\">XIV &#8211; Titular do Departamento de Governan\u00e7a Estrat\u00e9gica &#8211; membro.<\/span><\/p>\r\n<\/blockquote>\r\n\r\n\r\n\r\n<p class=\"wp-block-paragraph\">\u00a7 1\u00ba A presid\u00eancia do Comit\u00ea ser\u00e1 exercida pelo Secret\u00e1rio de Estado da Fazenda do Acre, ou seu substituto legal.<\/p>\r\n<p><span style=\"color: #ff0000;\">Nova reda\u00e7\u00e3o dada pela Portaria SEFAZ n\u00ba 51, de 6 de fevereiro de 2026. Efeitos a partir de 10 de fevereiro de 2026.<\/span><\/p>\r\n<p>\u00a72\u00ba A secretaria geral do Comit\u00ea Gestor ser\u00e1 exercida pelo titular da Diretoria de Governan\u00e7a e Gest\u00e3o Estrat\u00e9gica.<\/p>\r\n<blockquote>\r\n<p><span style=\"color: #339966;\"><strong>Reda\u00e7\u00e3o<\/strong><strong> original: <\/strong>efeitos at\u00e9 9 de fevereiro de 2026.<\/span><\/p>\r\n<span style=\"color: #339966;\">\r\n\r\n<\/span>\r\n<p class=\"wp-block-paragraph\"><span style=\"color: #339966;\">\u00a7 2\u00ba A secretaria geral do Comit\u00ea Gestor ser\u00e1 exercida pelo titular do Departamento de Governan\u00e7a Estrat\u00e9gica.<\/span><\/p>\r\n<\/blockquote>\r\n\r\n\r\n\r\n<p class=\"wp-block-paragraph\">\u00a7 3\u00ba O Comit\u00ea Gestor ser\u00e1 respons\u00e1vel pelo monitoramento da execu\u00e7\u00e3o, avalia\u00e7\u00e3o e revis\u00e3o do Planejamento, para verificar o alcance dos objetivos estrat\u00e9gicos, respectivos indicadores e metas, estabelecidos para as unidades da Secretaria de Estado da Fazenda.<\/p>\r\n\r\n\r\n\r\n<p class=\"wp-block-paragraph\">Art. 3\u00ba O regimento interno do comit\u00ea ser\u00e1 elaborado pelos membros que comp\u00f5em o Comit\u00ea Gestor do Planejamento Estrat\u00e9gico.<\/p>\r\n\r\n\r\n\r\n<p class=\"wp-block-paragraph\">Art. 4\u00ba Esta Portaria entra em vigor na data de sua publica\u00e7\u00e3o.<\/p>\r\n\r\n\r\n\r\n<p class=\"wp-block-paragraph\">Rio Branco\/AC, de 12 de dezembro de 2023.<\/p>\r\n","protected":false},"excerpt":{"rendered":"<p>Aprova o Planejamento Estrat\u00e9gico da Secretaria de Estado da Fazenda do Acre &#8211; SEFAZ e designa o Comit\u00ea Gestor do Planejamento Estrat\u00e9gico da SEFAZ.<\/p>\n","protected":false},"author":5,"featured_media":0,"comment_status":"closed","ping_status":"closed","sticky":false,"template":"","format":"standard","meta":{"_acf_changed":false,"footnotes":""},"categories":[3,33],"tags":[73,98],"class_list":["post-18884","post","type-post","status-publish","format-standard","hentry","category-legislacao","category-portarias","tag-legislacao-institucional-e-funcional","tag-planejamento-estrategico"],"acf":[],"_links":{"self":[{"href":"https:\/\/sefaz.ac.gov.br\/2021\/index.php?rest_route=\/wp\/v2\/posts\/18884","targetHints":{"allow":["GET"]}}],"collection":[{"href":"https:\/\/sefaz.ac.gov.br\/2021\/index.php?rest_route=\/wp\/v2\/posts"}],"about":[{"href":"https:\/\/sefaz.ac.gov.br\/2021\/index.php?rest_route=\/wp\/v2\/types\/post"}],"author":[{"embeddable":true,"href":"https:\/\/sefaz.ac.gov.br\/2021\/index.php?rest_route=\/wp\/v2\/users\/5"}],"replies":[{"embeddable":true,"href":"https:\/\/sefaz.ac.gov.br\/2021\/index.php?rest_route=%2Fwp%2Fv2%2Fcomments&post=18884"}],"version-history":[{"count":3,"href":"https:\/\/sefaz.ac.gov.br\/2021\/index.php?rest_route=\/wp\/v2\/posts\/18884\/revisions"}],"predecessor-version":[{"id":23524,"href":"https:\/\/sefaz.ac.gov.br\/2021\/index.php?rest_route=\/wp\/v2\/posts\/18884\/revisions\/23524"}],"wp:attachment":[{"href":"https:\/\/sefaz.ac.gov.br\/2021\/index.php?rest_route=%2Fwp%2Fv2%2Fmedia&parent=18884"}],"wp:term":[{"taxonomy":"category","embeddable":true,"href":"https:\/\/sefaz.ac.gov.br\/2021\/index.php?rest_route=%2Fwp%2Fv2%2Fcategories&post=18884"},{"taxonomy":"post_tag","embeddable":true,"href":"https:\/\/sefaz.ac.gov.br\/2021\/index.php?rest_route=%2Fwp%2Fv2%2Ftags&post=18884"}],"curies":[{"name":"wp","href":"https:\/\/api.w.org\/{rel}","templated":true}]}}