{"id":18841,"date":"2023-09-21T12:42:48","date_gmt":"2023-09-21T15:42:48","guid":{"rendered":"http:\/\/sefaz.acre.gov.br:80\/2021\/?p=18841"},"modified":"2023-12-04T13:13:28","modified_gmt":"2023-12-04T16:13:28","slug":"portaria-sefaz-no-781-de-21-de-setembro-de-2023","status":"publish","type":"post","link":"https:\/\/sefaz.ac.gov.br\/2021\/?p=18841","title":{"rendered":"PORTARIA SEFAZ N\u00ba 781, DE 21 DE SETEMBRO DE 2023"},"content":{"rendered":"\n<p class=\"wp-block-paragraph\"><strong>O SECRET\u00c1RIO DE ESTADO DA FAZENDA<\/strong>, no uso de suas atribui\u00e7\u00f5es constitucionais e legais que lhe confere o Decreto n\u00ba 4.059-P, de 05 de junho de 2023, publicado no Di\u00e1rio Oficial n\u00ba 13.550, de 07 de junho de 2023;<\/p>\n\n\n\n<p class=\"wp-block-paragraph\">CONSIDERANDO a necessidade de a Administra\u00e7\u00e3o P\u00fablica se auto-organizar, visando o bom funcionamento do servi\u00e7o p\u00fablico, assim como a disciplina de seus administrados, zelando pelo cumprimento da legisla\u00e7\u00e3o aplic\u00e1vel aos servidores, mediante apura\u00e7\u00e3o de den\u00fancias que envolvam poss\u00edveis irregularidades e ilegalidades relacionadas \u00e0 \u00e9tica e \u00e0 disciplina destes no \u00e2mbito da Secretaria de Estado da Fazenda;<\/p>\n\n\n\n<p class=\"wp-block-paragraph\">CONSIDERANDO que o art. 5\u00ba, inciso LIII, da CF\/88, estabelece que cabe \u00e0 autoridade competente a instru\u00e7\u00e3o e julgamento da sindic\u00e2ncia e do processo administrativo disciplinar &#8211; PAD para a garantia do devido processo legal;<\/p>\n\n\n\n<p class=\"wp-block-paragraph\">CONSIDERANDO a indispens\u00e1vel apura\u00e7\u00e3o imparcial das responsabilidades funcionais, objetivando garantir a seguran\u00e7a jur\u00eddica e o devido processo legal;<\/p>\n\n\n\n<p class=\"wp-block-paragraph\">CONSIDERANDO as disposi\u00e7\u00f5es expressas nos artigos 199, 200 e 203 da Lei Complementar Estadual n\u00ba 39\/1993;<\/p>\n\n\n\n<p class=\"wp-block-paragraph\">CONSIDERANDO o Despacho n\u00ba 14\/2023\/SEFAZ (SEI 8451296) exarado pela Corregedoria Fazend\u00e1ria &#8211; CORFAZ; e<\/p>\n\n\n\n<p class=\"wp-block-paragraph\">CONSIDERANDO o constante dos autos do processo n\u00ba 0715.012452.00009\/ 2023-66.<\/p>\n\n\n\n<p class=\"wp-block-paragraph\"><strong>RESOLVE<\/strong>:<\/p>\n\n\n\n<p class=\"wp-block-paragraph\">Art. 1\u00ba Aprovar as normas para constitui\u00e7\u00e3o das sindic\u00e2ncias e processos administrativos disciplinares -PADs no \u00e2mbito da Secretaria de Estado da Fazenda do Estado do Acre;<\/p>\n\n\n\n<p class=\"wp-block-paragraph\">Art. 2\u00ba As comiss\u00f5es de sindic\u00e2ncia e PAD ser\u00e3o tempor\u00e1rias, e suas composi\u00e7\u00f5es ocorrer\u00e3o nos termos desta portaria;<\/p>\n\n\n\n<p class=\"wp-block-paragraph\">Art. 3\u00ba As comiss\u00f5es ser\u00e3o compostas por 3 (tr\u00eas) servidores est\u00e1veis, nos termos dos artigos 200 e 203 da Lei Complementar Estadual n\u00ba 39\/1993;<\/p>\n\n\n\n<p class=\"wp-block-paragraph\">Art. 4\u00ba Caber\u00e1 ao Secret\u00e1rio da Fazenda a designa\u00e7\u00e3o de servidores lotados nas demais unidades da SEFAZ para integrarem as comiss\u00f5es relativas aos trabalhos da CORFAZ:<\/p>\n\n\n\n<p class=\"wp-block-paragraph\">Par\u00e1grafo \u00danico: Em caso de abertura concomitante de sindic\u00e2ncias ou PADs, poder\u00e1 o Secret\u00e1rio da Fazenda determinar que uma \u00fanica comiss\u00e3o seja respons\u00e1vel pelos processos em per\u00edodo determinado.<\/p>\n\n\n\n<p class=\"wp-block-paragraph\">Art. 5\u00ba O Secret\u00e1rio da Fazenda, por ato pr\u00f3prio, pode delegar ao Corregedor a atribui\u00e7\u00e3o de escolha dos servidores que ir\u00e3o compor as comiss\u00f5es, sendo imprescind\u00edvel a sua posterior anu\u00eancia;<\/p>\n\n\n\n<p class=\"wp-block-paragraph\">Art. 6\u00ba Para fins de composi\u00e7\u00e3o das comiss\u00f5es, \u00e9 poss\u00edvel que se determine que o chefe de unidade fiscal designe servidor que ir\u00e1 compor a comiss\u00e3o disciplinar, considerando o disposto nesta portaria;<\/p>\n\n\n\n<p class=\"wp-block-paragraph\">Art. 7\u00ba A participa\u00e7\u00e3o em comiss\u00e3o de sindic\u00e2ncia ou PAD n\u00e3o inviabiliza nova indica\u00e7\u00e3o futura;<\/p>\n\n\n\n<p class=\"wp-block-paragraph\">Art. 8\u00ba A recusa do servidor em compor comiss\u00e3o prevista nesta portaria deve ser por escrito e ser\u00e1 submetida ao crivo do Secret\u00e1rio da Fazenda, ap\u00f3s manifesta\u00e7\u00e3o da CORFAZ;<\/p>\n\n\n\n<p class=\"wp-block-paragraph\">Art. 9\u00ba A CORFAZ, justificadamente e quando delegada pelo Secret\u00e1rio da Fazenda, poder\u00e1 recusar nome indicado por chefe de unidade fazend\u00e1ria, se entender que a nomea\u00e7\u00e3o possa comprometer a imparcialidade da comiss\u00e3o;<\/p>\n\n\n\n<p class=\"wp-block-paragraph\">Art. 10\u00ba No caso da nomea\u00e7\u00e3o ser realizada diretamente pelo Secret\u00e1rio da Fazenda, se a CORFAZ entender que determinado membro da comiss\u00e3o n\u00e3o cumpre os requisitos para nomea\u00e7\u00e3o, informar\u00e1 o fato ao Secret\u00e1rio da Fazenda, que ir\u00e1 decidir \u00e0 respeito;<\/p>\n\n\n\n<p class=\"wp-block-paragraph\">Art. 11\u00ba A nomea\u00e7\u00e3o da comiss\u00e3o n\u00e3o inviabiliza posterior manifesta\u00e7\u00e3o do sindicado\/acusado de poss\u00edvel suspei\u00e7\u00e3o ou impedimento de qualquer dos membros nomeados.<\/p>\n\n\n\n<p class=\"wp-block-paragraph\">Par\u00e1grafo \u00danico: Acatando a manifesta\u00e7\u00e3o do sindicado\/acusado, o servidor integrante da comiss\u00e3o ser\u00e1 substitu\u00eddo por outro a ser nomeado, se no pr\u00f3prio ato da nomea\u00e7\u00e3o da comiss\u00e3o n\u00e3o constar os suplentes de cada membro;<\/p>\n\n\n\n<p class=\"wp-block-paragraph\">Art. 12\u00ba A comiss\u00e3o constitu\u00edda, desde o in\u00edcio do seu trabalho, contar\u00e1 com o suporte t\u00e9cnico e jur\u00eddico da CORFAZ e estar\u00e1 vinculada a esta unidade fazend\u00e1ria;<\/p>\n\n\n\n<p class=\"wp-block-paragraph\">Art.13\u00ba Fica revogada a Portaria n\u00ba 074, de 06 de mar\u00e7o de 2020, publicada no Di\u00e1rio Oficial do Estado n\u00ba 12.757, de 12 de mar\u00e7o de 2020.<\/p>\n\n\n\n<p class=\"wp-block-paragraph\">Art. 14\u00ba Esta Portaria entra em vigor na data de sua publica\u00e7\u00e3o.<\/p>\n\n\n\n<p class=\"wp-block-paragraph\">Rio Branco\/AC, de 21 de setembro de 2023.<\/p>\n","protected":false},"excerpt":{"rendered":"<p>Aprovar as normas para constitui\u00e7\u00e3o das sindic\u00e2ncias e processos administrativos disciplinares -PADs no \u00e2mbito da Secretaria de Estado da Fazenda do Estado do Acre<\/p>\n","protected":false},"author":5,"featured_media":0,"comment_status":"closed","ping_status":"closed","sticky":false,"template":"","format":"standard","meta":{"_acf_changed":false,"footnotes":""},"categories":[3,33],"tags":[97,73],"class_list":["post-18841","post","type-post","status-publish","format-standard","hentry","category-legislacao","category-portarias","tag-corfaz","tag-legislacao-institucional-e-funcional"],"acf":[],"_links":{"self":[{"href":"https:\/\/sefaz.ac.gov.br\/2021\/index.php?rest_route=\/wp\/v2\/posts\/18841","targetHints":{"allow":["GET"]}}],"collection":[{"href":"https:\/\/sefaz.ac.gov.br\/2021\/index.php?rest_route=\/wp\/v2\/posts"}],"about":[{"href":"https:\/\/sefaz.ac.gov.br\/2021\/index.php?rest_route=\/wp\/v2\/types\/post"}],"author":[{"embeddable":true,"href":"https:\/\/sefaz.ac.gov.br\/2021\/index.php?rest_route=\/wp\/v2\/users\/5"}],"replies":[{"embeddable":true,"href":"https:\/\/sefaz.ac.gov.br\/2021\/index.php?rest_route=%2Fwp%2Fv2%2Fcomments&post=18841"}],"version-history":[{"count":0,"href":"https:\/\/sefaz.ac.gov.br\/2021\/index.php?rest_route=\/wp\/v2\/posts\/18841\/revisions"}],"wp:attachment":[{"href":"https:\/\/sefaz.ac.gov.br\/2021\/index.php?rest_route=%2Fwp%2Fv2%2Fmedia&parent=18841"}],"wp:term":[{"taxonomy":"category","embeddable":true,"href":"https:\/\/sefaz.ac.gov.br\/2021\/index.php?rest_route=%2Fwp%2Fv2%2Fcategories&post=18841"},{"taxonomy":"post_tag","embeddable":true,"href":"https:\/\/sefaz.ac.gov.br\/2021\/index.php?rest_route=%2Fwp%2Fv2%2Ftags&post=18841"}],"curies":[{"name":"wp","href":"https:\/\/api.w.org\/{rel}","templated":true}]}}