{"id":18713,"date":"2022-12-30T12:07:19","date_gmt":"2022-12-30T15:07:19","guid":{"rendered":"http:\/\/sefaz.acre.gov.br:80\/2021\/?p=18713"},"modified":"2023-10-11T12:08:49","modified_gmt":"2023-10-11T15:08:49","slug":"lei-no-4-077-de-30-de-dezembro-de-2022","status":"publish","type":"post","link":"https:\/\/sefaz.ac.gov.br\/2021\/?p=18713","title":{"rendered":"LEI N\u00ba 4.077, DE 30 DE DEZEMBRO DE 2022"},"content":{"rendered":"\n<p class=\"wp-block-paragraph\"><strong>O GOVERNADOR DO ESTADO DO ACRE<\/strong><\/p>\n\n\n\n<p class=\"wp-block-paragraph\"><strong>FA\u00c7O SABER<\/strong> que a Assembleia Legislativa do Estado do Acre decreta e eu sanciono a seguinte Lei:<\/p>\n\n\n\n<p class=\"wp-block-paragraph\">Art. 1\u00ba Ficam isentas do Imposto sobre Opera\u00e7\u00f5es relativas \u00e0 Circula\u00e7\u00e3o de Mercadorias e sobre Presta\u00e7\u00f5es de Servi\u00e7o dede Transporte Interestadual e Intermunicipal e de Comunica\u00e7\u00e3o \u2013 ICMS, as sa\u00eddas de leite fresco, pasteurizado ou n\u00e3o, esterilizado ou reidratado destinado a consumo final, produzido internamente, conforme Conv\u00eanio ICMS 07\/77.<\/p>\n\n\n\n<p class=\"wp-block-paragraph\">\u00a7 1\u00ba A isen\u00e7\u00e3o aplica-se inclusive aos optantes pelo regime especial do Simples Nacional.<\/p>\n\n\n\n<p class=\"wp-block-paragraph\">\u00a7 2\u00ba Nas opera\u00e7\u00f5es interestaduais, a isen\u00e7\u00e3o prevista no caput se aplica apenas \u00e0s sa\u00eddas de leite engarrafado ou envasado em embalagens inviol\u00e1veis.<\/p>\n\n\n\n<p class=\"wp-block-paragraph\">Art. 2\u00ba Fica diferido o pagamento do ICMS nas sa\u00eddas de leite fresco produzido internamente, pasteurizado ou n\u00e3o, nas opera\u00e7\u00f5es realizadas pelo produtor, ind\u00fastria, distribuidor ou atacadista.<\/p>\n\n\n\n<p class=\"wp-block-paragraph\">\u00a7 1\u00ba Encerra-se o diferimento previsto no caput:<\/p>\n\n\n\n<p class=\"wp-block-paragraph\">I &#8211; nas sa\u00eddas isentas de leite de que trata o art. 1\u00ba;<\/p>\n\n\n\n<p class=\"wp-block-paragraph\">II &#8211; nas sa\u00eddas de produtos resultantes da sua industrializa\u00e7\u00e3o;<\/p>\n\n\n\n<p class=\"wp-block-paragraph\">III &#8211; nas sa\u00eddas para outras Unidades da Federa\u00e7\u00e3o.<\/p>\n\n\n\n<p class=\"wp-block-paragraph\">\u00a7 2\u00ba Nas sa\u00eddas isentas com fundamento no art. 1\u00ba, fica dispensado o pagamento do imposto diferido. (Conv\u00eanio ICMS 07\/77)<\/p>\n\n\n\n<p class=\"wp-block-paragraph\">\u00a7 3\u00ba A responsabilidade pelo recolhimento do imposto diferido fica atribu\u00edda ao contribuinte em cujo estabelecimento ocorrer a opera\u00e7\u00e3o que encerre o diferimento.<\/p>\n\n\n\n<p class=\"wp-block-paragraph\">Art. 3\u00ba Fica o Poder Executivo autorizado a expedir atos complementares para a regulamenta\u00e7\u00e3o do disposto nesta lei.<\/p>\n\n\n\n<p class=\"wp-block-paragraph\">Art. 4\u00ba Esta Lei entra em vigor na data de sua publica\u00e7\u00e3o, produzindo efeitos a partir do primeiro dia do m\u00eas subsequente a sua publica\u00e7\u00e3o.<br><\/p>\n\n\n\n<p class=\"wp-block-paragraph\">Rio Branco-Acre, 30 de dezembro de 2022, 134\u00ba da Rep\u00fablica, 120\u00ba do Tratado de Petr\u00f3polis e 61\u00ba do Estado do Acre.<br><\/p>\n","protected":false},"excerpt":{"rendered":"<p>Disp\u00f5e sobre a isen\u00e7\u00e3o do ICMS nas opera\u00e7\u00f5es com leite fresco.<\/p>\n","protected":false},"author":5,"featured_media":0,"comment_status":"closed","ping_status":"closed","sticky":false,"template":"","format":"standard","meta":{"_acf_changed":false,"footnotes":""},"categories":[3,31],"tags":[35],"class_list":["post-18713","post","type-post","status-publish","format-standard","hentry","category-legislacao","category-leis-ordinarias","tag-icms"],"acf":[],"_links":{"self":[{"href":"https:\/\/sefaz.ac.gov.br\/2021\/index.php?rest_route=\/wp\/v2\/posts\/18713","targetHints":{"allow":["GET"]}}],"collection":[{"href":"https:\/\/sefaz.ac.gov.br\/2021\/index.php?rest_route=\/wp\/v2\/posts"}],"about":[{"href":"https:\/\/sefaz.ac.gov.br\/2021\/index.php?rest_route=\/wp\/v2\/types\/post"}],"author":[{"embeddable":true,"href":"https:\/\/sefaz.ac.gov.br\/2021\/index.php?rest_route=\/wp\/v2\/users\/5"}],"replies":[{"embeddable":true,"href":"https:\/\/sefaz.ac.gov.br\/2021\/index.php?rest_route=%2Fwp%2Fv2%2Fcomments&post=18713"}],"version-history":[{"count":0,"href":"https:\/\/sefaz.ac.gov.br\/2021\/index.php?rest_route=\/wp\/v2\/posts\/18713\/revisions"}],"wp:attachment":[{"href":"https:\/\/sefaz.ac.gov.br\/2021\/index.php?rest_route=%2Fwp%2Fv2%2Fmedia&parent=18713"}],"wp:term":[{"taxonomy":"category","embeddable":true,"href":"https:\/\/sefaz.ac.gov.br\/2021\/index.php?rest_route=%2Fwp%2Fv2%2Fcategories&post=18713"},{"taxonomy":"post_tag","embeddable":true,"href":"https:\/\/sefaz.ac.gov.br\/2021\/index.php?rest_route=%2Fwp%2Fv2%2Ftags&post=18713"}],"curies":[{"name":"wp","href":"https:\/\/api.w.org\/{rel}","templated":true}]}}