{"id":18623,"date":"2023-10-02T14:11:41","date_gmt":"2023-10-02T17:11:41","guid":{"rendered":"http:\/\/sefaz.acre.gov.br:80\/2021\/?p=18623"},"modified":"2026-04-01T12:13:07","modified_gmt":"2026-04-01T15:13:07","slug":"portaria-sefaz-no-804-de-02-de-outubro-de-2023","status":"publish","type":"post","link":"https:\/\/sefaz.ac.gov.br\/2021\/?p=18623","title":{"rendered":"PORTARIA SEFAZ N\u00ba 804, DE 02 DE OUTUBRO DE 2023"},"content":{"rendered":"\r\n<p class=\"wp-block-paragraph\"><strong>O SECRET\u00c1RIO DE ESTADO DA FAZENDA,<\/strong> no uso de suas atribui\u00e7\u00f5es constitucionais e legais que lhe confere o Decreto n\u00ba 4.059-P, de 05 de junho de 2023, publicado no Di\u00e1rio Oficial n\u00ba 13.550, de 07 de junho de 2023;<\/p>\r\n\r\n\r\n\r\n<p class=\"wp-block-paragraph\">CONSIDERANDO o disposto no inciso XI do art. 4\u00ba do Regimento Interno da Secretaria de Estado da Fazenda, aprovado pela Portaria SEFAZ n\u00ba 513, de 20 de junho de 2023;<\/p>\r\n\r\n\r\n\r\n<p class=\"wp-block-paragraph\">CONSIDERANDO o disposto no Decreto n\u00ba 11.253, de 05 de junho de 2023, que estabelece a Estrutura Organizacional B\u00e1sica da Secretaria de Estado da Fazenda \u2013 SEFAZ;<\/p>\r\n\r\n\r\n\r\n<p class=\"wp-block-paragraph\">CONSIDERANDO a necessidade de estabelecer a Estrutura Organizacional e o Regimento Interno da SEFAZ com todas as suas unidades admi\u00adnistrativas, com a finalidade de lotar os servidores fazend\u00e1rios nas respectivas unidades de sua atua\u00e7\u00e3o;<\/p>\r\n\r\n\r\n\r\n<p class=\"wp-block-paragraph\">CONSIDERANDO a necessidade de defini\u00e7\u00e3o das nomenclaturas das unidades administrativas com suas respectivas vincula\u00e7\u00f5es, bem como da consolida\u00e7\u00e3o do organograma da SEFAZ;<\/p>\r\n\r\n\r\n\r\n<p class=\"wp-block-paragraph\">CONSIDERANDO a necessidade de defini\u00e7\u00e3o das compet\u00eancias das unidades administrativas que comp\u00f5em a Estrutura Organizacional da SEFAZ na forma de seu Regimento Interno;<\/p>\r\n\r\n\r\n\r\n<p class=\"wp-block-paragraph\">CONSIDERANDO \u00e0 Despacho n\u00ba 1493\/2023\/SEFAZ &#8211; CGSARE (SEI 8550088) exarada pela Secretaria Adjunta da Receita Estadual &#8211; SARE; e<\/p>\r\n\r\n\r\n\r\n<p class=\"wp-block-paragraph\">CONSIDERANDO o constante dos autos do processo n\u00ba 0715.012496.00006\/2021-27;<\/p>\r\n\r\n\r\n\r\n<p class=\"wp-block-paragraph\"><strong>RESOLVE:<\/strong><\/p>\r\n\r\n\r\n\r\n<p class=\"wp-block-paragraph\">Art. 1\u00ba \u00a0A <a href=\"https:\/\/sefaz.ac.gov.br\/2021\/?p=17907\" data-type=\"link\" data-id=\"http:\/\/sefaz.acre.gov.br\/2021\/?p=17907\">Portaria n\u00ba 513, de 20 de junho de 2023<\/a>, passa a vigorar com as seguintes altera\u00e7\u00f5es:<\/p>\r\n\r\n\r\n\r\n<blockquote class=\"wp-block-quote is-layout-flow wp-block-quote-is-layout-flow\">\r\n<p class=\"wp-block-paragraph\"><strong>\u201cSe\u00e7\u00e3o VIII<\/strong><\/p>\r\n\r\n\r\n\r\n<p class=\"wp-block-paragraph\"><strong>Da Diretoria de Administra\u00e7\u00e3o e Finan\u00e7as &#8211; DIAF<\/strong><\/p>\r\n\r\n\r\n\r\n<p class=\"wp-block-paragraph\"><strong>&#8230;<\/strong><\/p>\r\n\r\n\r\n\r\n<p class=\"wp-block-paragraph\"><strong>Subse\u00e7\u00e3o I<\/strong><\/p>\r\n\r\n\r\n\r\n<p class=\"wp-block-paragraph\"><strong>Da Chefia de Gabinete da Diretoria de Administra\u00e7\u00e3o e Finan\u00e7as &#8211; CGDIAF<\/strong><\/p>\r\n\r\n\r\n\r\n<p class=\"wp-block-paragraph\">\u201cArt. 13. &#8230;<\/p>\r\n\r\n\r\n\r\n<p class=\"wp-block-paragraph\">X &#8211; prestar suporte \u00e0 DIAF em assuntos relacionados \u00e0 administra\u00e7\u00e3o, como a elabora\u00e7\u00e3o de relat\u00f3rios, an\u00e1lise de indicadores e tomada de decis\u00e3o;<\/p>\r\n\r\n\r\n\r\n<p class=\"wp-block-paragraph\">XI &#8211; acompanhar e controlar o processo de contrata\u00e7\u00e3o de colaboradores do apoio administrativo, junto \u00e0s empresas terceirizadas, bem como os desligamentos, quando for o caso, alinhado com os objetivos da secretaria;<\/p>\r\n\r\n\r\n\r\n<p class=\"wp-block-paragraph\">XII &#8211; fornecer informa\u00e7\u00f5es relacionadas \u00e0s di\u00e1rias e passagens a\u00e9reas da secretaria, devendo ser lan\u00e7ada em planilha e encaminhada devidamen\u00adte preenchida \u00e0 Controladoria Geral do Estado (CGE), at\u00e9 o primeiro dia \u00fatil do m\u00eas subsequente ao pagamento, tendo como base de coleta de dados as faturas emitidas pelas empresas contratadas para os respectivos servi\u00e7os; e<\/p>\r\n\r\n\r\n\r\n<p class=\"wp-block-paragraph\">XIII &#8211; subsidiar a Chefia de Gabinete do Secret\u00e1rio na devolutiva de demandas externas de outros \u00f3rg\u00e3os da administra\u00e7\u00e3o p\u00fablica direta e indireta, quando necess\u00e1rio. (AC)<\/p>\r\n<\/blockquote>\r\n\r\n\r\n\r\n<blockquote class=\"wp-block-quote is-layout-flow wp-block-quote-is-layout-flow\">\r\n<p class=\"wp-block-paragraph\"><strong>Subse\u00e7\u00e3o II<\/strong><\/p>\r\n\r\n\r\n\r\n<p class=\"wp-block-paragraph\"><strong>Do Departamento de Administra\u00e7\u00e3o e Finan\u00e7as &#8211; DAF<\/strong><\/p>\r\n\r\n\r\n\r\n<p class=\"wp-block-paragraph\">Art. 14. &#8230;<\/p>\r\n\r\n\r\n\r\n<p class=\"wp-block-paragraph\">XI &#8211; solicitar a apura\u00e7\u00e3o dos processos de reconhecimento de d\u00edvida;\u201d (NR)<\/p>\r\n\r\n\r\n\r\n<p class=\"wp-block-paragraph\">XII &#8211; realizar pr\u00e9-empenho dos contratos e lan\u00e7ar nos sistemas; (AC)<\/p>\r\n\r\n\r\n\r\n<p class=\"wp-block-paragraph\">XIII &#8211; solicitar declara\u00e7\u00e3o de adequa\u00e7\u00e3o or\u00e7ament\u00e1ria, quando for o caso. (AC)<\/p>\r\n\r\n\r\n\r\n<p class=\"wp-block-paragraph\">&#8230;<\/p>\r\n\r\n\r\n\r\n<p class=\"wp-block-paragraph\">Art. 16. &#8230;<\/p>\r\n\r\n\r\n\r\n<p class=\"wp-block-paragraph\">III &#8211; programar, acompanhar e supervisionar a manuten\u00e7\u00e3o dos ve\u00edculos; (NR)<\/p>\r\n\r\n\r\n\r\n<p class=\"wp-block-paragraph\">IV &#8211; controlar o acesso de entrada e sa\u00edda dos ve\u00edculos dentro do estacionamento; (NR)<\/p>\r\n\r\n\r\n\r\n<p class=\"wp-block-paragraph\">&#8230;<\/p>\r\n\r\n\r\n\r\n<p class=\"wp-block-paragraph\">VI &#8211; programar, acompanhar e supervisionar as lavagens dos ve\u00edculos oficiais; (NR)<\/p>\r\n\r\n\r\n\r\n<p class=\"wp-block-paragraph\">&#8230;<\/p>\r\n\r\n\r\n\r\n<p class=\"wp-block-paragraph\">IX &#8211; organizar as vagas do estacionamento, incluindo as oficiais e aquelas exigidas por lei;\u201d (AC)<\/p>\r\n\r\n\r\n\r\n<p class=\"wp-block-paragraph\">X &#8211; planejar e encaminhar as futuras contrata\u00e7\u00f5es de aquisi\u00e7\u00f5es e servi\u00e7os ao setor competente com anteced\u00eancia;(AC)<\/p>\r\n\r\n\r\n\r\n<p class=\"wp-block-paragraph\">XI &#8211; programar, acompanhar e supervisionar o abastecimento dos ve\u00edculos oficiais; e (AC)<\/p>\r\n\r\n\r\n\r\n<p class=\"wp-block-paragraph\">XII &#8211; solicitar e encaminhar as informa\u00e7\u00f5es fundamentadas e indispens\u00e1veis para a elabora\u00e7\u00e3o de termo de refer\u00eancia e demais pe\u00e7as de aquisi\u00ad\u00e7\u00f5es e servi\u00e7os, quando necess\u00e1rio.\u201d\u00a0 (AC)<\/p>\r\n\r\n\r\n\r\n<p class=\"wp-block-paragraph\">Art. 17. &#8230;<\/p>\r\n\r\n\r\n\r\n<p class=\"wp-block-paragraph\">XI &#8211; solicitar e encaminhar as informa\u00e7\u00f5es fundamentadas e indispens\u00e1veis para a elabora\u00e7\u00e3o de termo de refer\u00eancia e demais pe\u00e7as de aquisi\u00e7\u00f5es e servi\u00e7os, quando necess\u00e1rio.\u201d(AC)<\/p>\r\n\r\n\r\n\r\n<p class=\"wp-block-paragraph\">Art. 19. \u00a0\u00c0 Divis\u00e3o de Log\u00edstica e Manuten\u00e7\u00e3o Predial &#8211; DILOGMP, unidade subordinada diretamente ao DAF, compete: (NR)<\/p>\r\n\r\n\r\n\r\n<p class=\"wp-block-paragraph\">&#8230;<\/p>\r\n\r\n\r\n\r\n<p class=\"wp-block-paragraph\">V &#8211; programar e gerenciar os servi\u00e7os de manuten\u00e7\u00e3o dos bens m\u00f3veis e equipamentos em geral, exceto os de tecnologia da informa\u00e7\u00e3o e ve\u00edculos oficiais; (NR)<\/p>\r\n\r\n\r\n\r\n<p class=\"wp-block-paragraph\">&#8230;<\/p>\r\n\r\n\r\n\r\n<p class=\"wp-block-paragraph\">VIII &#8211; prestar apoio log\u00edstico na realiza\u00e7\u00e3o de eventos institucionais agendados no audit\u00f3rio; (NR)<\/p>\r\n\r\n\r\n\r\n<p class=\"wp-block-paragraph\">IX &#8211; acompanhar a execu\u00e7\u00e3o dos servi\u00e7os de limpeza, jardinagem, higieniza\u00e7\u00e3o e dedetiza\u00e7\u00e3o das depend\u00eancias e instala\u00e7\u00f5es internas e externas dos pr\u00e9dios da SEFAZ, realizados pelas empresas contratadas; (NR)<\/p>\r\n\r\n\r\n\r\n<p class=\"wp-block-paragraph\">&#8230;<\/p>\r\n\r\n\r\n\r\n<p class=\"wp-block-paragraph\">XI &#8211; acompanhar o transporte e a distribui\u00e7\u00e3o de \u00e1gua nas unidades da SEFAZ, na capital e interior; (NR)<\/p>\r\n\r\n\r\n\r\n<p class=\"wp-block-paragraph\">XII &#8211; solicitar e encaminhar as informa\u00e7\u00f5es fundamentadas e indispens\u00e1veis para a elabora\u00e7\u00e3o de termo de refer\u00eancia e demais pe\u00e7as de aquisi\u00ad\u00e7\u00f5es e servi\u00e7os, quando necess\u00e1rio. (AC)<\/p>\r\n\r\n\r\n\r\n<p class=\"wp-block-paragraph\">Art. 21. &#8230;<\/p>\r\n\r\n\r\n\r\n<p class=\"wp-block-paragraph\">XIII &#8211; emitir parecer t\u00e9cnico quanto aos reajustes e as repactua\u00e7\u00f5es dos contratos mantidos pela SEFAZ; (NR)<\/p>\r\n\r\n\r\n\r\n<p class=\"wp-block-paragraph\">&#8230;<\/p>\r\n\r\n\r\n\r\n<p class=\"wp-block-paragraph\">XVI &#8211; elaborar notas t\u00e9cnica e\/ou explicativas quando necess\u00e1rio. (AC)<\/p>\r\n\r\n\r\n\r\n<p class=\"wp-block-paragraph\">Art. 22. &#8230;<\/p>\r\n\r\n\r\n\r\n<p class=\"wp-block-paragraph\">III &#8211; anexar aos processos as certid\u00f5es de regularidade das empresas; (NR)<\/p>\r\n\r\n\r\n\r\n<p class=\"wp-block-paragraph\">&#8230;<\/p>\r\n\r\n\r\n\r\n<p class=\"wp-block-paragraph\">V &#8211; verificar quanto \u00e0 exist\u00eancia de cadastro de credor, e na sua falta, viabilizar a sua elabora\u00e7\u00e3o;(NR)<\/p>\r\n\r\n\r\n\r\n<p class=\"wp-block-paragraph\">VI &#8211; subsidiar o setor competente com as informa\u00e7\u00f5es necess\u00e1rias \u00e0 elabora\u00e7\u00e3o da portaria que nomeia os gestores e fiscais de contrato; (NR)<\/p>\r\n\r\n\r\n\r\n<p class=\"wp-block-paragraph\">VII &#8211; controlar as publica\u00e7\u00f5es de atas, contratos, termos aditivos e apostilamentos; (NR)<\/p>\r\n\r\n\r\n\r\n<p class=\"wp-block-paragraph\">VIII &#8211; alimentar as planilhas de contrata\u00e7\u00f5es diretas, contratos e atas em vigor, ades\u00f5es e apostilamentos executados no exerc\u00edcio; (NR)<\/p>\r\n\r\n\r\n\r\n<p class=\"wp-block-paragraph\">IX &#8211; instruir e conduzir os processos de reconhecimento de d\u00edvida, rescis\u00e3o contratual e processo administrativo disciplinar; (NR)<\/p>\r\n\r\n\r\n\r\n<p class=\"wp-block-paragraph\">&#8230;<\/p>\r\n\r\n\r\n\r\n<p class=\"wp-block-paragraph\">XI &#8211; consultar os gestores e fiscais quanto \u00e0 renova\u00e7\u00e3o dos contratos; (NR)<\/p>\r\n\r\n\r\n\r\n<p class=\"wp-block-paragraph\">XII &#8211; elaborar atos modificadores dos contratos, compreendendo apostilamento e termo de aditamento; (NR)<\/p>\r\n\r\n\r\n\r\n<p class=\"wp-block-paragraph\">XIII &#8211; promover a renova\u00e7\u00e3o dos contratos e editar a justificativa de renova\u00e7\u00e3o contratual; (NR)<\/p>\r\n\r\n\r\n\r\n<p class=\"wp-block-paragraph\">&#8230;<\/p>\r\n\r\n\r\n\r\n<p class=\"wp-block-paragraph\">XV &#8211; fazer cota\u00e7\u00e3o de mercado para verificar a vantajosidade da renova\u00e7\u00e3o e\/ou contrata\u00e7\u00e3o; (NR)<\/p>\r\n\r\n\r\n\r\n<p class=\"wp-block-paragraph\">&#8230;<\/p>\r\n\r\n\r\n\r\n<p class=\"wp-block-paragraph\">XVIII &#8211; orientar o setor competente quanto \u00e0 renova\u00e7\u00e3o do contrato ou realiza\u00e7\u00e3o de nova licita\u00e7\u00e3o; (AC)<\/p>\r\n\r\n\r\n\r\n<p class=\"wp-block-paragraph\">XIX &#8211; promover os reajustes, repactua\u00e7\u00f5es e revis\u00f5es dos contratos mantidos pela SEFAZ;(AC)<\/p>\r\n\r\n\r\n\r\n<p class=\"wp-block-paragraph\">XX- elaborar as minutas de contrato, quando necess\u00e1rio; e (AC)<\/p>\r\n\r\n\r\n\r\n<p class=\"wp-block-paragraph\">XXI &#8211; controlar e alimentar a planilha dos gestores e fiscais de contratos da SEFAZ.\u201d (AC)<\/p>\r\n<\/blockquote>\r\n\r\n\r\n\r\n<p class=\"wp-block-paragraph\">Art. 2\u00ba \u00a0Esta Portaria entra em vigor na data da sua publica\u00e7\u00e3o.<\/p>\r\n\r\n\r\n\r\n<p class=\"wp-block-paragraph\">Rio Branco\/AC, de 02 de outubro de 2023.<\/p>\r\n","protected":false},"excerpt":{"rendered":"<p>Altera a Portaria n\u00ba 513, de 20 de junho de 2023, que estabelece a estrutura organizacional e aprova o Regimento Interno da Secretaria de Estado da Fazenda &#8211; SEFAZ. <\/p>\n","protected":false},"author":5,"featured_media":0,"comment_status":"closed","ping_status":"closed","sticky":false,"template":"","format":"standard","meta":{"_acf_changed":false,"footnotes":""},"categories":[3,33],"tags":[73],"class_list":["post-18623","post","type-post","status-publish","format-standard","hentry","category-legislacao","category-portarias","tag-legislacao-institucional-e-funcional"],"acf":[],"_links":{"self":[{"href":"https:\/\/sefaz.ac.gov.br\/2021\/index.php?rest_route=\/wp\/v2\/posts\/18623","targetHints":{"allow":["GET"]}}],"collection":[{"href":"https:\/\/sefaz.ac.gov.br\/2021\/index.php?rest_route=\/wp\/v2\/posts"}],"about":[{"href":"https:\/\/sefaz.ac.gov.br\/2021\/index.php?rest_route=\/wp\/v2\/types\/post"}],"author":[{"embeddable":true,"href":"https:\/\/sefaz.ac.gov.br\/2021\/index.php?rest_route=\/wp\/v2\/users\/5"}],"replies":[{"embeddable":true,"href":"https:\/\/sefaz.ac.gov.br\/2021\/index.php?rest_route=%2Fwp%2Fv2%2Fcomments&post=18623"}],"version-history":[{"count":1,"href":"https:\/\/sefaz.ac.gov.br\/2021\/index.php?rest_route=\/wp\/v2\/posts\/18623\/revisions"}],"predecessor-version":[{"id":24067,"href":"https:\/\/sefaz.ac.gov.br\/2021\/index.php?rest_route=\/wp\/v2\/posts\/18623\/revisions\/24067"}],"wp:attachment":[{"href":"https:\/\/sefaz.ac.gov.br\/2021\/index.php?rest_route=%2Fwp%2Fv2%2Fmedia&parent=18623"}],"wp:term":[{"taxonomy":"category","embeddable":true,"href":"https:\/\/sefaz.ac.gov.br\/2021\/index.php?rest_route=%2Fwp%2Fv2%2Fcategories&post=18623"},{"taxonomy":"post_tag","embeddable":true,"href":"https:\/\/sefaz.ac.gov.br\/2021\/index.php?rest_route=%2Fwp%2Fv2%2Ftags&post=18623"}],"curies":[{"name":"wp","href":"https:\/\/api.w.org\/{rel}","templated":true}]}}