{"id":18519,"date":"2023-09-05T10:09:23","date_gmt":"2023-09-05T13:09:23","guid":{"rendered":"http:\/\/sefaz.acre.gov.br:80\/2021\/?p=18519"},"modified":"2026-04-01T12:12:26","modified_gmt":"2026-04-01T15:12:26","slug":"portaria-sefaz-no-750-de-5-de-setembro-de-2023","status":"publish","type":"post","link":"https:\/\/sefaz.ac.gov.br\/2021\/?p=18519","title":{"rendered":"PORTARIA SEFAZ N\u00ba 750, DE 5 DE SETEMBRO DE 2023"},"content":{"rendered":"\r\n<p class=\"wp-block-paragraph\"><strong>O SECRET\u00c1RIO DE ESTADO DA FAZENDA<\/strong>, no uso de suas atribui\u00e7\u00f5es constitucionais e legais que lhe confere o Decreto n\u00ba 4.059-P, de 05 de junho de 2023, publicado no Di\u00e1rio Oficial n\u00ba 13.550, de 07 de junho de 2023;<\/p>\r\n\r\n\r\n\r\n<p class=\"wp-block-paragraph\">CONSIDERANDO as disposi\u00e7\u00f5es contidas na Lei n\u00ba 3.741, de 16 de junho de 2021; CONSIDERANDO o Despacho n\u00ba 1336\/2023\/SEFAZ &#8211; CGSARE (SEI 8263951) exarado pela Secretaria Adjunta da Receita Estadual &#8211; SARE; e<\/p>\r\n\r\n\r\n\r\n<p class=\"wp-block-paragraph\">CONSIDERANDO o constante dos autos do processo n\u00ba 0715.012496.00046 \/2023-31.<\/p>\r\n\r\n\r\n\r\n<p class=\"wp-block-paragraph\"><strong>RESOLVE:<\/strong><\/p>\r\n\r\n\r\n\r\n<p class=\"wp-block-paragraph\">Art. 1\u00ba A <a href=\"https:\/\/sefaz.ac.gov.br\/2021\/?p=13734\">Portaria n\u00ba 689, de 1\u00ba de novembro 2019<\/a>, passa a vigorar com as seguintes altera\u00e7\u00f5es:<\/p>\r\n\r\n\r\n\r\n<blockquote class=\"wp-block-quote is-layout-flow wp-block-quote-is-layout-flow\">\r\n<p class=\"wp-block-paragraph\">\u201cArt. 3\u00ba &#8230;<\/p>\r\n\r\n\r\n\r\n<p class=\"wp-block-paragraph\">&#8230;<\/p>\r\n\r\n\r\n\r\n<p class=\"wp-block-paragraph\">III &#8211; da Nota Fiscal Avulsa eletr\u00f4nica (NFAe) emitida pela Secretaria de Estado da Fazenda, os dados das opera\u00e7\u00f5es realizadas por contribuintes n\u00e3o inscritos;<\/p>\r\n\r\n\r\n\r\n<p class=\"wp-block-paragraph\">IV \u2013 da Nota Fiscal da Energia El\u00e9trica Eletr\u00f4nica \u2013 NF3e, modelo 66, ou dos dados declarados no arquivo do Conv\u00eanio n\u00ba 115\/2003, de 12 de dezembro de 2003, referentes \u00e0s Notas Fiscais\/Contas de Energia El\u00e9trica, modelo 6, emitidos em via \u00fanica, o faturamento relativo ao fornecimento de energia el\u00e9trica nos munic\u00edpios acreanos, observada a vig\u00eancia de cada modelo de documento.\u201d (NR)<\/p>\r\n\r\n\r\n\r\n<p class=\"wp-block-paragraph\">&#8230;<\/p>\r\n\r\n\r\n\r\n<p class=\"wp-block-paragraph\">\u201cArt. 5\u00ba &#8230;<\/p>\r\n\r\n\r\n\r\n<p class=\"wp-block-paragraph\">&#8230;<\/p>\r\n\r\n\r\n\r\n<p class=\"wp-block-paragraph\">\u00a7 5\u00ba A vari\u00e1vel VAFE da express\u00e3o matem\u00e1tica definida no <strong>caput <\/strong>\u00e9 obtida pelo rateio do faturamento do fornecimento de energia el\u00e9trica para cada munic\u00edpio onde foi fornecida a energia el\u00e9trica, apurado com base nos documentos fiscais declarados no arquivo do Conv\u00eanio ICMS n\u00ba 115\/2003 e da Nota Fiscal da Energia El\u00e9trica Eletr\u00f4nica \u2013 NF3e, modelo 66, deduzido o valor das entradas apuradas na forma do \u00a7 2\u00ba e rateadas para cada munic\u00edpio na mesma propor\u00e7\u00e3o do faturamento.<\/p>\r\n\r\n\r\n\r\n<p class=\"wp-block-paragraph\">&#8230;<\/p>\r\n\r\n\r\n\r\n<p class=\"wp-block-paragraph\">\u00a7 7\u00ba A vari\u00e1vel ONFA da express\u00e3o matem\u00e1tica definida no <strong>caput <\/strong>\u00e9 obtida, para cada munic\u00edpio, pelo somat\u00f3rio do campo Valor Total da NFAe das opera\u00e7\u00f5es de vendas acobertadas por NFAe, emitidas no exerc\u00edcio, com os C\u00f3digos Fiscais de Opera\u00e7\u00e3o e de Presta\u00e7\u00e3o (CFOP) iniciados com 5, 6 ou 7, exceto os CFOP\u2019s relacionados no Anexo I desta Portaria, observado o munic\u00edpio de domic\u00edlio do emitente da Nota Fiscal.\u201d (NR)<\/p>\r\n<\/blockquote>\r\n\r\n\r\n\r\n<p class=\"wp-block-paragraph\">Art. 2\u00ba Esta portaria entra em vigor na data da sua publica\u00e7\u00e3o.<\/p>\r\n\r\n\r\n\r\n<p class=\"wp-block-paragraph\">Rio Branco-Acre, de 5 de setembro de 2023.<\/p>\r\n","protected":false},"excerpt":{"rendered":"<p>Altera a Portaria n\u00ba 689, de 1\u00ba de novembro 2019, que Disp\u00f5e sobre os procedimentos para a apura\u00e7\u00e3o do Valor Adicionado Fiscal dos munic\u00edpios.<\/p>\n","protected":false},"author":5,"featured_media":0,"comment_status":"closed","ping_status":"closed","sticky":false,"template":"","format":"standard","meta":{"_acf_changed":false,"footnotes":""},"categories":[3,33],"tags":[35],"class_list":["post-18519","post","type-post","status-publish","format-standard","hentry","category-legislacao","category-portarias","tag-icms"],"acf":[],"_links":{"self":[{"href":"https:\/\/sefaz.ac.gov.br\/2021\/index.php?rest_route=\/wp\/v2\/posts\/18519","targetHints":{"allow":["GET"]}}],"collection":[{"href":"https:\/\/sefaz.ac.gov.br\/2021\/index.php?rest_route=\/wp\/v2\/posts"}],"about":[{"href":"https:\/\/sefaz.ac.gov.br\/2021\/index.php?rest_route=\/wp\/v2\/types\/post"}],"author":[{"embeddable":true,"href":"https:\/\/sefaz.ac.gov.br\/2021\/index.php?rest_route=\/wp\/v2\/users\/5"}],"replies":[{"embeddable":true,"href":"https:\/\/sefaz.ac.gov.br\/2021\/index.php?rest_route=%2Fwp%2Fv2%2Fcomments&post=18519"}],"version-history":[{"count":1,"href":"https:\/\/sefaz.ac.gov.br\/2021\/index.php?rest_route=\/wp\/v2\/posts\/18519\/revisions"}],"predecessor-version":[{"id":24066,"href":"https:\/\/sefaz.ac.gov.br\/2021\/index.php?rest_route=\/wp\/v2\/posts\/18519\/revisions\/24066"}],"wp:attachment":[{"href":"https:\/\/sefaz.ac.gov.br\/2021\/index.php?rest_route=%2Fwp%2Fv2%2Fmedia&parent=18519"}],"wp:term":[{"taxonomy":"category","embeddable":true,"href":"https:\/\/sefaz.ac.gov.br\/2021\/index.php?rest_route=%2Fwp%2Fv2%2Fcategories&post=18519"},{"taxonomy":"post_tag","embeddable":true,"href":"https:\/\/sefaz.ac.gov.br\/2021\/index.php?rest_route=%2Fwp%2Fv2%2Ftags&post=18519"}],"curies":[{"name":"wp","href":"https:\/\/api.w.org\/{rel}","templated":true}]}}