{"id":18483,"date":"2023-08-23T13:03:35","date_gmt":"2023-08-23T16:03:35","guid":{"rendered":"http:\/\/sefaz.acre.gov.br:80\/2021\/?p=18483"},"modified":"2026-04-01T12:16:32","modified_gmt":"2026-04-01T15:16:32","slug":"portaria-sefaz-no-684-de-23-de-agosto-de-2023","status":"publish","type":"post","link":"https:\/\/sefaz.ac.gov.br\/2021\/?p=18483","title":{"rendered":"PORTARIA SEFAZ N\u00ba 684, DE 23 DE AGOSTO DE 2023"},"content":{"rendered":"\r\n<p class=\"wp-block-paragraph\"><strong>O SECRET\u00c1RIO DE ESTADO DA FAZENDA,<\/strong> no uso de suas atribui\u00e7\u00f5es constitucionais e legais que lhe confere o Decreto n\u00ba 4.059-P, de 5 de junho de 2023, publicado no Di\u00e1rio Oficial n\u00ba 13.550, de 7 de junho de 2023;<\/p>\r\n\r\n\r\n\r\n<p class=\"wp-block-paragraph\">Considerando o disposto no inciso XI do art. 4\u00ba do Regimento Interno da Secretaria de Estado da Fazenda, aprovado pela Portaria SEFAZ n\u00ba 513, de 20 de junho de 2023;<\/p>\r\n\r\n\r\n\r\n<p class=\"wp-block-paragraph\">Considerando o disposto no art. 519, do Regulamento do ICMS do Estado do Acre, aprovado pelo Decreto n\u00ba 008, de 26 de janeiro de 1998;<\/p>\r\n\r\n\r\n\r\n<p class=\"wp-block-paragraph\">Considerando o Despacho n\u00ba 1115\/SEFAZ &#8211; GSARE (SEI 7899710) exarada pela Secretaria Adjunta da Receita Estadual &#8211; SARE;<\/p>\r\n\r\n\r\n\r\n<p class=\"wp-block-paragraph\">Considerando o constante dos autos do processo n\u00ba 0715.012503.00065\/2023-21;<\/p>\r\n\r\n\r\n\r\n<p class=\"wp-block-paragraph\">Considerando o Despacho n\u00ba 1157\/SEFAZ &#8211; GSARE (SEI 7755212) exarada pela Secretaria Adjunta da Receita Estadual &#8211; SARE; e<\/p>\r\n\r\n\r\n\r\n<p class=\"wp-block-paragraph\">Considerando o constante dos autos do processo n\u00ba 0715.004336.00025\/2023-75;<\/p>\r\n\r\n\r\n\r\n<p class=\"wp-block-paragraph\"><strong>RESOLVE:<\/strong><\/p>\r\n\r\n\r\n\r\n<p class=\"wp-block-paragraph\">Art. \u00a01\u00ba A <a href=\"https:\/\/sefaz.ac.gov.br\/2021\/?p=17757\">Portaria n\u00ba 333, de 11 de novembro de 2021<\/a>, passa a vigorar com a seguinte reda\u00e7\u00e3o:<\/p>\r\n\r\n\r\n\r\n<blockquote class=\"wp-block-quote is-layout-flow wp-block-quote-is-layout-flow\">\r\n<p class=\"wp-block-paragraph\">\u201cANEXO \u00daNICO<\/p>\r\n\r\n\r\n\r\n<p class=\"wp-block-paragraph\">PAUTA DE PRE\u00c7OS M\u00cdNIMOS<\/p>\r\n\r\n\r\n\r\n<p class=\"wp-block-paragraph\">&#8230;<\/p>\r\n\r\n\r\n\r\n<p class=\"wp-block-paragraph\">II &#8211; SA\u00cdDAS<\/p>\r\n\r\n\r\n\r\n<p class=\"wp-block-paragraph\">&#8230;2<\/p>\r\n\r\n\r\n\r\n<p class=\"wp-block-paragraph\">. BOVINO (OPERA\u00c7\u00c3O INTERESTADUAL)<\/p>\r\n\r\n\r\n\r\n<p class=\"wp-block-paragraph\">&#8230;<\/p>\r\n\r\n\r\n\r\n<p class=\"wp-block-paragraph\">7. FARINHA DE MANDIOCA (OPERA\u00c7\u00c3O INTERESTADUAL)\u201d (NR)<\/p>\r\n\r\n\r\n\r\n<p class=\"wp-block-paragraph\">&#8230;<\/p>\r\n<\/blockquote>\r\n\r\n\r\n\r\n<p class=\"wp-block-paragraph\">Art. 2\u00ba \u00a0Fica acrescido o art. 3\u00ba-A e o subitem 1-A, ao item II do Anexo \u00danico \u00e0 <a href=\"https:\/\/sefaz.ac.gov.br\/2021\/?p=17757\">Portaria n\u00ba 333, de 11 de novembro de 2021<\/a>.<\/p>\r\n\r\n\r\n\r\n<blockquote class=\"wp-block-quote is-layout-flow wp-block-quote-is-layout-flow\">\r\n<p class=\"wp-block-paragraph\">Art. 3\u00ba-A \u00a0Para o c\u00e1lculo do Imposto sobre Opera\u00e7\u00f5es Relativas \u00e0 Circula\u00e7\u00e3o de Mercadorias e sobre Presta\u00e7\u00f5es de Servi\u00e7os de Transporte Interestadual e Intermunicipal e de Comunica\u00e7\u00e3o &#8211; ICMS devido por substitui\u00e7\u00e3o tribut\u00e1ria nas opera\u00e7\u00f5es internas com \u00e1gua mineral ou pot\u00e1vel, o sujeito passivo por substitui\u00e7\u00e3o dever\u00e1 observar os pre\u00e7os m\u00e9dios de refer\u00eancias, expressos em reais por unidade, constantes do Anexo \u00danico desta Portaria.<\/p>\r\n<\/blockquote>\r\n\r\n\r\n\r\n<p class=\"wp-block-paragraph\">Art. 3\u00ba \u00a0Fica revogado o subitem 3 (banana) do item II (sa\u00edda) do Anexo \u00fanico da Portaria n\u00ba 333, de 11 de novembro de 2021:<\/p>\r\n\r\n\r\n\r\n<p class=\"wp-block-paragraph\">Art. 4\u00ba Esta portaria entra em vigor na data da sua publica\u00e7\u00e3o.<\/p>\r\n\r\n\r\n\r\n<p class=\"wp-block-paragraph\">Rio Branco\/AC, de 23 de agosto de 2023.<\/p>\r\n","protected":false},"excerpt":{"rendered":"<p>Altera a Portaria n\u00ba 333, de 11 de novembro de 2021, que fixa os valores m\u00ednimos da base de c\u00e1lculo do ICMS incidente sobre as opera\u00e7\u00f5es e presta\u00e7\u00f5es com mercadorias nela relacionadas.<\/p>\n","protected":false},"author":5,"featured_media":0,"comment_status":"closed","ping_status":"closed","sticky":false,"template":"","format":"standard","meta":{"_acf_changed":false,"footnotes":""},"categories":[3,33],"tags":[35],"class_list":["post-18483","post","type-post","status-publish","format-standard","hentry","category-legislacao","category-portarias","tag-icms"],"acf":[],"_links":{"self":[{"href":"https:\/\/sefaz.ac.gov.br\/2021\/index.php?rest_route=\/wp\/v2\/posts\/18483","targetHints":{"allow":["GET"]}}],"collection":[{"href":"https:\/\/sefaz.ac.gov.br\/2021\/index.php?rest_route=\/wp\/v2\/posts"}],"about":[{"href":"https:\/\/sefaz.ac.gov.br\/2021\/index.php?rest_route=\/wp\/v2\/types\/post"}],"author":[{"embeddable":true,"href":"https:\/\/sefaz.ac.gov.br\/2021\/index.php?rest_route=\/wp\/v2\/users\/5"}],"replies":[{"embeddable":true,"href":"https:\/\/sefaz.ac.gov.br\/2021\/index.php?rest_route=%2Fwp%2Fv2%2Fcomments&post=18483"}],"version-history":[{"count":2,"href":"https:\/\/sefaz.ac.gov.br\/2021\/index.php?rest_route=\/wp\/v2\/posts\/18483\/revisions"}],"predecessor-version":[{"id":24075,"href":"https:\/\/sefaz.ac.gov.br\/2021\/index.php?rest_route=\/wp\/v2\/posts\/18483\/revisions\/24075"}],"wp:attachment":[{"href":"https:\/\/sefaz.ac.gov.br\/2021\/index.php?rest_route=%2Fwp%2Fv2%2Fmedia&parent=18483"}],"wp:term":[{"taxonomy":"category","embeddable":true,"href":"https:\/\/sefaz.ac.gov.br\/2021\/index.php?rest_route=%2Fwp%2Fv2%2Fcategories&post=18483"},{"taxonomy":"post_tag","embeddable":true,"href":"https:\/\/sefaz.ac.gov.br\/2021\/index.php?rest_route=%2Fwp%2Fv2%2Ftags&post=18483"}],"curies":[{"name":"wp","href":"https:\/\/api.w.org\/{rel}","templated":true}]}}