{"id":18472,"date":"2023-08-22T12:54:13","date_gmt":"2023-08-22T15:54:13","guid":{"rendered":"http:\/\/sefaz.acre.gov.br:80\/2021\/?p=18472"},"modified":"2026-04-01T12:11:45","modified_gmt":"2026-04-01T15:11:45","slug":"portaria-sefaz-no-679-de-22-de-agosto-de-2023","status":"publish","type":"post","link":"https:\/\/sefaz.ac.gov.br\/2021\/?p=18472","title":{"rendered":"PORTARIA SEFAZ N\u00ba 679, DE 22 DE AGOSTO DE 2023"},"content":{"rendered":"\r\n<p class=\"wp-block-paragraph\"><strong>O SECRET\u00c1RIO DE ESTADO DA FAZENDA,<\/strong> no uso de suas atribui\u00e7\u00f5es constitucionais e legais que lhe confere o Decreto n\u00ba 4.059-P, de 05 de junho de 2023, publicado no Di\u00e1rio Oficial n\u00ba 13.550, de 07 de junho de 2023, e tendo em vista o disposto no art. 56-A da Lei Complementar n\u00ba 55, de 9 de julho de 1997 e no art. 69-A do Decreto 008, de 26 de janeiro de 1998;<\/p>\r\n\r\n\r\n\r\n<p class=\"wp-block-paragraph\">Considerando o disposto no inciso XI do art. 4\u00ba do Regimento Interno da Secretaria de Estado da Fazenda, aprovado pela Portaria SEFAZ n\u00ba 513, de 20 de junho de 2023;<\/p>\r\n\r\n\r\n\r\n<p class=\"wp-block-paragraph\">Considerando o disposto no art. 519, do Regulamento do ICMS do Estado do Acre, aprovado pelo Decreto n\u00ba 008, de 26 de janeiro de 1998;<\/p>\r\n\r\n\r\n\r\n<p class=\"wp-block-paragraph\">Considerando ao Despacho n\u00ba 1236\/2023\/SEFAZ &#8211; GSARE (SEI 8119645) exarada pela Secretaria Adjunta da Receita Estadual &#8211; SARE; e<\/p>\r\n\r\n\r\n\r\n<p class=\"wp-block-paragraph\">Considerando o constante dos autos do processo SEI n\u00ba 0715.012503.00074\/2023-11;<\/p>\r\n\r\n\r\n\r\n<p class=\"wp-block-paragraph\"><strong>RESOLVE:<\/strong><\/p>\r\n\r\n\r\n\r\n<p class=\"wp-block-paragraph\">Art. 1\u00ba \u00a0O Anexo \u00danico da <a href=\"https:\/\/sefaz.ac.gov.br\/2021\/?p=17814\">Portaria 523, de 28 de junho de 2023<\/a>, passa a vigorar com as altera\u00e7\u00f5es conforme Anexo \u00danico desta Portaria.<\/p>\r\n\r\n\r\n\r\n<p class=\"wp-block-paragraph\">Art. 2\u00ba\u00a0 Esta Portaria entra em vigor na data de sua publica\u00e7\u00e3o.<\/p>\r\n\r\n\r\n\r\n<p class=\"wp-block-paragraph\">Rio Branco &#8211; Acre, de agosto de 2023.<\/p>\r\n","protected":false},"excerpt":{"rendered":"<p>Altera a Portaria 523, de 28 de junho de 2023, que disp\u00f5e sobre a institui\u00e7\u00e3o, utiliza\u00e7\u00e3o e formaliza\u00e7\u00e3o dos procedimentos referentes ao servi\u00e7o de autorregulariza\u00e7\u00e3o fiscal.<\/p>\n","protected":false},"author":5,"featured_media":0,"comment_status":"closed","ping_status":"closed","sticky":false,"template":"","format":"standard","meta":{"_acf_changed":false,"footnotes":""},"categories":[3,33],"tags":[35],"class_list":["post-18472","post","type-post","status-publish","format-standard","hentry","category-legislacao","category-portarias","tag-icms"],"acf":[],"_links":{"self":[{"href":"https:\/\/sefaz.ac.gov.br\/2021\/index.php?rest_route=\/wp\/v2\/posts\/18472","targetHints":{"allow":["GET"]}}],"collection":[{"href":"https:\/\/sefaz.ac.gov.br\/2021\/index.php?rest_route=\/wp\/v2\/posts"}],"about":[{"href":"https:\/\/sefaz.ac.gov.br\/2021\/index.php?rest_route=\/wp\/v2\/types\/post"}],"author":[{"embeddable":true,"href":"https:\/\/sefaz.ac.gov.br\/2021\/index.php?rest_route=\/wp\/v2\/users\/5"}],"replies":[{"embeddable":true,"href":"https:\/\/sefaz.ac.gov.br\/2021\/index.php?rest_route=%2Fwp%2Fv2%2Fcomments&post=18472"}],"version-history":[{"count":1,"href":"https:\/\/sefaz.ac.gov.br\/2021\/index.php?rest_route=\/wp\/v2\/posts\/18472\/revisions"}],"predecessor-version":[{"id":24064,"href":"https:\/\/sefaz.ac.gov.br\/2021\/index.php?rest_route=\/wp\/v2\/posts\/18472\/revisions\/24064"}],"wp:attachment":[{"href":"https:\/\/sefaz.ac.gov.br\/2021\/index.php?rest_route=%2Fwp%2Fv2%2Fmedia&parent=18472"}],"wp:term":[{"taxonomy":"category","embeddable":true,"href":"https:\/\/sefaz.ac.gov.br\/2021\/index.php?rest_route=%2Fwp%2Fv2%2Fcategories&post=18472"},{"taxonomy":"post_tag","embeddable":true,"href":"https:\/\/sefaz.ac.gov.br\/2021\/index.php?rest_route=%2Fwp%2Fv2%2Ftags&post=18472"}],"curies":[{"name":"wp","href":"https:\/\/api.w.org\/{rel}","templated":true}]}}