{"id":18460,"date":"2023-08-18T12:40:56","date_gmt":"2023-08-18T15:40:56","guid":{"rendered":"http:\/\/sefaz.acre.gov.br:80\/2021\/?p=18460"},"modified":"2026-04-01T12:11:24","modified_gmt":"2026-04-01T15:11:24","slug":"portaria-sefaz-no-678-de-18-de-agosto-de-2023","status":"publish","type":"post","link":"https:\/\/sefaz.ac.gov.br\/2021\/?p=18460","title":{"rendered":"PORTARIA SEFAZ N\u00ba 678, DE 18 DE AGOSTO DE 2023"},"content":{"rendered":"\r\n<p class=\"wp-block-paragraph\"><strong>O SECRET\u00c1RIO DE ESTADO DA FAZENDA<\/strong>, no uso de suas atribui\u00e7\u00f5es constitucionais e legais que lhe confere o Decreto n\u00ba 4.059-P, de 5 de junho de 2023, publicado no Di\u00e1rio Oficial n\u00ba 13.550, de 7 de junho de 2023;<strong>\u00a0\u00a0\u00a0\u00a0\u00a0\u00a0\u00a0\u00a0<\/strong><\/p>\r\n\r\n\r\n\r\n<p class=\"wp-block-paragraph\">Considerando o disposto no inciso XI do art. 4\u00ba do Regimento Interno da Secretaria de Estado da Fazenda, aprovado pela Portaria SEFAZ n\u00ba 513, de 20 de junho de 2023;<\/p>\r\n\r\n\r\n\r\n<p class=\"wp-block-paragraph\">Considerando o disposto no art. 519, do Regulamento do ICMS do Estado do Acre, aprovado pelo Decreto n\u00ba 008, de 26 de janeiro de 1998;<\/p>\r\n\r\n\r\n\r\n<p class=\"wp-block-paragraph\">Considerando o Despacho n\u00ba 1216\/2023\/SEFAZ &#8211; GSARE (SEI 8082891) exarada pela Secretaria Adjunta da Receita Estadual &#8211; SARE;<\/p>\r\n\r\n\r\n\r\n<p class=\"wp-block-paragraph\">Considerando o constante dos autos do processo n\u00ba 0715.004337.00019\/2023-17;<\/p>\r\n\r\n\r\n\r\n<p class=\"wp-block-paragraph\">\u00a0<strong>RESOLVE:<\/strong><\/p>\r\n\r\n\r\n\r\n<p class=\"wp-block-paragraph\">Art. 1\u00ba \u00a0O Anexo \u00danico da <a href=\"https:\/\/sefaz.ac.gov.br\/2021\/?p=17757\">Portaria n\u00ba 333, de 11 de novembro de 2021<\/a>, passa a vigorar com as altera\u00e7\u00f5es conforme Anexo \u00danico desta Portaria.<\/p>\r\n\r\n\r\n\r\n<p class=\"wp-block-paragraph\">Art. 2\u00ba\u00a0 Esta Portaria entrar\u00e1 em vigor na data de sua publica\u00e7\u00e3o.<\/p>\r\n\r\n\r\n\r\n<p class=\"wp-block-paragraph\">Rio Branco &#8211; Acre, 18 de agosto de 2023.<\/p>\r\n","protected":false},"excerpt":{"rendered":"<p>Altera a Portaria n\u00ba 333, de 11 de novembro de 2021. Pauta de pre\u00e7os m\u00ednimos, Madeira.<\/p>\n","protected":false},"author":5,"featured_media":0,"comment_status":"closed","ping_status":"closed","sticky":false,"template":"","format":"standard","meta":{"_acf_changed":false,"footnotes":""},"categories":[3,33],"tags":[35],"class_list":["post-18460","post","type-post","status-publish","format-standard","hentry","category-legislacao","category-portarias","tag-icms"],"acf":[],"_links":{"self":[{"href":"https:\/\/sefaz.ac.gov.br\/2021\/index.php?rest_route=\/wp\/v2\/posts\/18460","targetHints":{"allow":["GET"]}}],"collection":[{"href":"https:\/\/sefaz.ac.gov.br\/2021\/index.php?rest_route=\/wp\/v2\/posts"}],"about":[{"href":"https:\/\/sefaz.ac.gov.br\/2021\/index.php?rest_route=\/wp\/v2\/types\/post"}],"author":[{"embeddable":true,"href":"https:\/\/sefaz.ac.gov.br\/2021\/index.php?rest_route=\/wp\/v2\/users\/5"}],"replies":[{"embeddable":true,"href":"https:\/\/sefaz.ac.gov.br\/2021\/index.php?rest_route=%2Fwp%2Fv2%2Fcomments&post=18460"}],"version-history":[{"count":1,"href":"https:\/\/sefaz.ac.gov.br\/2021\/index.php?rest_route=\/wp\/v2\/posts\/18460\/revisions"}],"predecessor-version":[{"id":24063,"href":"https:\/\/sefaz.ac.gov.br\/2021\/index.php?rest_route=\/wp\/v2\/posts\/18460\/revisions\/24063"}],"wp:attachment":[{"href":"https:\/\/sefaz.ac.gov.br\/2021\/index.php?rest_route=%2Fwp%2Fv2%2Fmedia&parent=18460"}],"wp:term":[{"taxonomy":"category","embeddable":true,"href":"https:\/\/sefaz.ac.gov.br\/2021\/index.php?rest_route=%2Fwp%2Fv2%2Fcategories&post=18460"},{"taxonomy":"post_tag","embeddable":true,"href":"https:\/\/sefaz.ac.gov.br\/2021\/index.php?rest_route=%2Fwp%2Fv2%2Ftags&post=18460"}],"curies":[{"name":"wp","href":"https:\/\/api.w.org\/{rel}","templated":true}]}}