{"id":18447,"date":"2023-08-17T12:19:40","date_gmt":"2023-08-17T15:19:40","guid":{"rendered":"http:\/\/sefaz.acre.gov.br:80\/2021\/?p=18447"},"modified":"2026-04-01T12:11:10","modified_gmt":"2026-04-01T15:11:10","slug":"portaria-sefaz-no-672-de-17-de-agosto-de-2023","status":"publish","type":"post","link":"https:\/\/sefaz.ac.gov.br\/2021\/?p=18447","title":{"rendered":"PORTARIA SEFAZ N\u00ba 672, DE 17 DE AGOSTO DE\u00a0 2023"},"content":{"rendered":"\r\n<p class=\"wp-block-paragraph\"><strong>O SECRET\u00c1RIO DE ESTADO DA FAZENDA<\/strong>, no uso de suas atribui\u00e7\u00f5es constitucionais e legais que lhe confere o Decreto n\u00ba 4.059-P, de 5 de junho de 2023, publicado no Di\u00e1rio Oficial n\u00ba 13.550, de 7 de junho de 2023;<\/p>\r\n\r\n\r\n\r\n<p class=\"wp-block-paragraph\">Considerando o disposto no inciso XI do art. 4\u00ba do Regimento Interno da Secretaria de Estado da Fazenda, aprovado pela Portaria SEFAZ n\u00ba 513, de 20 de junho de 2023;<\/p>\r\n\r\n\r\n\r\n<p class=\"wp-block-paragraph\">Considerando o disposto no art. 519, do Regulamento do ICMS do Estado do Acre, aprovado pelo Decreto n\u00ba 008, de 26 de janeiro de 1998;<\/p>\r\n\r\n\r\n\r\n<p class=\"wp-block-paragraph\">Considerando a COMUNICA\u00c7\u00c3O INTERNA N\u00ba 86\/2023\/SEFAZ &#8211; GSARE (SEI 8065940) exarada pela Secretaria Adjunta da Receita Estadual &#8211; SARE; e<\/p>\r\n\r\n\r\n\r\n<p class=\"wp-block-paragraph\">Considerando o constante dos autos do processo n\u00ba 0715.012495.00065\/2023-68;<\/p>\r\n\r\n\r\n\r\n<p class=\"wp-block-paragraph\"><strong>RESOLVE:<\/strong><\/p>\r\n\r\n\r\n\r\n<p class=\"wp-block-paragraph\">Art. 1\u00ba \u00a0A <a href=\"https:\/\/sefaz.ac.gov.br\/2021\/?p=13211\">Portaria n\u00ba 736, de 26 de dezembro de 2011<\/a>, passa a vigorar com as seguintes altera\u00e7\u00f5es:<\/p>\r\n\r\n\r\n\r\n<blockquote class=\"wp-block-quote is-layout-flow wp-block-quote-is-layout-flow\">\r\n<p class=\"wp-block-paragraph\">\u201cArt. 1\u00ba\u00a0 &#8230;<\/p>\r\n\r\n\r\n\r\n<p class=\"wp-block-paragraph\">VI &#8211; prova da propriedade, de posse ou de explora\u00e7\u00e3o do im\u00f3vel, no caso de produtor rural, observado o \u00a7 1\u00ba do art. 12.\u00a0<\/p>\r\n\r\n\r\n\r\n<p class=\"wp-block-paragraph\">VII &#8211; comprova\u00e7\u00e3o da propriedade ou a titularidade do dom\u00ednio \u00fatil ou posse a qualquer t\u00edtulo, ser\u00e1 requerida a conven\u00e7\u00e3o ou contrato de institui\u00e7\u00e3o do condom\u00ednio, contendo reconhecimento das firmas dos respectivos cond\u00f4minos.<\/p>\r\n\r\n\r\n\r\n<p class=\"wp-block-paragraph\">&#8230;<\/p>\r\n\r\n\r\n\r\n<p class=\"wp-block-paragraph\">\u00a7 12. \u00a0Para fins de cadastro de Produtor Rural ser\u00e3o admitidos os seguintes documentos:\u00a0\u00a0\u00a0<\/p>\r\n\r\n\r\n\r\n<p class=\"wp-block-paragraph\">I &#8211; certid\u00e3o de inteiro teor do im\u00f3vel emitida por Cart\u00f3rio de Registro Im\u00f3veis;<\/p>\r\n\r\n\r\n\r\n<p class=\"wp-block-paragraph\">II &#8211; t\u00edtulo de regulariza\u00e7\u00e3o fundi\u00e1ria, emitido pelo INCRA;<\/p>\r\n\r\n\r\n\r\n<p class=\"wp-block-paragraph\">III &#8211; Certificado de Cadastro de Im\u00f3vel Rural (CCIR), emitido pelo INCRA;<\/p>\r\n\r\n\r\n\r\n<p class=\"wp-block-paragraph\">IV &#8211; decis\u00e3o em processo judicial de invent\u00e1rio ou de div\u00f3rcio;<\/p>\r\n\r\n\r\n\r\n<p class=\"wp-block-paragraph\">V &#8211; escritura p\u00fablica em procedimento extrajudicial de invent\u00e1rio ou de div\u00f3rcio;<\/p>\r\n\r\n\r\n\r\n<p class=\"wp-block-paragraph\">VI &#8211; declara\u00e7\u00e3o do ITR &#8211; Imposto Territorial Rural;<\/p>\r\n\r\n\r\n\r\n<p class=\"wp-block-paragraph\">VII &#8211; contrato de Arrendamento Rural com registro em cart\u00f3rio;<\/p>\r\n\r\n\r\n\r\n<p class=\"wp-block-paragraph\">VIII &#8211; comprovante de inscri\u00e7\u00e3o no Cadastro Nacional da Agricultura Familiar &#8211; CAF;<\/p>\r\n\r\n\r\n\r\n<p class=\"wp-block-paragraph\">IX &#8211; declara\u00e7\u00e3o de posse emitida por Prefeitura Municipal localizada no Estado do Acre, pelo IDAF, pela FUNAI, pela EMATER-AC ou outro \u00f3rg\u00e3o que venha a suceder \u00e0queles nomeados ou que venham a ser criados e detenham habilita\u00e7\u00e3o para emiss\u00e3o da declara\u00e7\u00e3o citada nesse inciso;<\/p>\r\n\r\n\r\n\r\n<p class=\"wp-block-paragraph\">X &#8211; escritura p\u00fablica de compra e venda ou contrato de compra e venda com reconhecimento de firma das partes em cart\u00f3rio;<\/p>\r\n\r\n\r\n\r\n<p class=\"wp-block-paragraph\">XI &#8211; escritura p\u00fablica de cess\u00e3o de direitos heredit\u00e1rios ou contrato de cess\u00e3o de direitos heredit\u00e1rios com reconhecimento de firma das partes;<\/p>\r\n\r\n\r\n\r\n<p class=\"wp-block-paragraph\">XII &#8211; escritura p\u00fablica declarat\u00f3ria de direito de posse. (AC)<\/p>\r\n\r\n\r\n\r\n<p class=\"wp-block-paragraph\">&#8230;<\/p>\r\n\r\n\r\n\r\n<p class=\"wp-block-paragraph\">\u201cArt. 11.\u00a0 \u00c9 obrigat\u00f3ria a indica\u00e7\u00e3o de contabilista habilitado no campo pr\u00f3prio da FAC, exceto para ME, MEI e Produtor Rural Pessoa F\u00edsica.\u201d \u00a0(NR)<\/p>\r\n\r\n\r\n\r\n<p class=\"wp-block-paragraph\">&#8230;<\/p>\r\n\r\n\r\n\r\n<p class=\"wp-block-paragraph\">Art. 12-B. A solicita\u00e7\u00e3o de inscri\u00e7\u00e3o no Cadastro de Contribuintes como produtor rural, pessoa f\u00edsica, implica na ades\u00e3o ao Domic\u00edlio Eletr\u00f4nico do Contribuinte &#8211; DEC, nos termos da Lei n\u00ba 3.215, de 29 de dezembro de 2016, conforme Termo de Op\u00e7\u00e3o Anexo, ficando dispensado, nesta hip\u00f3tese, do recadastramento anual. (AC)<\/p>\r\n<\/blockquote>\r\n\r\n\r\n\r\n<p class=\"wp-block-paragraph\">Art. 2\u00ba \u00a0Fica revogado o par\u00e1grafo \u00fanico do art. 12 da Portaria n\u00ba 736, de 26 de dezembro de 2011.<\/p>\r\n\r\n\r\n\r\n<p class=\"wp-block-paragraph\">Art. 3\u00ba \u00a0Esta Portaria entra em vigor na data de sua publica\u00e7\u00e3o.<\/p>\r\n\r\n\r\n\r\n<p class=\"wp-block-paragraph\">Rio Branco &#8211; Acre, 17 de agosto de 2023.<\/p>\r\n","protected":false},"excerpt":{"rendered":"<p>Altera a Portaria n\u00ba 736, de 26 de dezembro de 2011, cadastro de Produtor Rural.<\/p>\n","protected":false},"author":5,"featured_media":0,"comment_status":"closed","ping_status":"closed","sticky":false,"template":"","format":"standard","meta":{"_acf_changed":false,"footnotes":""},"categories":[3,33],"tags":[35],"class_list":["post-18447","post","type-post","status-publish","format-standard","hentry","category-legislacao","category-portarias","tag-icms"],"acf":[],"_links":{"self":[{"href":"https:\/\/sefaz.ac.gov.br\/2021\/index.php?rest_route=\/wp\/v2\/posts\/18447","targetHints":{"allow":["GET"]}}],"collection":[{"href":"https:\/\/sefaz.ac.gov.br\/2021\/index.php?rest_route=\/wp\/v2\/posts"}],"about":[{"href":"https:\/\/sefaz.ac.gov.br\/2021\/index.php?rest_route=\/wp\/v2\/types\/post"}],"author":[{"embeddable":true,"href":"https:\/\/sefaz.ac.gov.br\/2021\/index.php?rest_route=\/wp\/v2\/users\/5"}],"replies":[{"embeddable":true,"href":"https:\/\/sefaz.ac.gov.br\/2021\/index.php?rest_route=%2Fwp%2Fv2%2Fcomments&post=18447"}],"version-history":[{"count":1,"href":"https:\/\/sefaz.ac.gov.br\/2021\/index.php?rest_route=\/wp\/v2\/posts\/18447\/revisions"}],"predecessor-version":[{"id":24062,"href":"https:\/\/sefaz.ac.gov.br\/2021\/index.php?rest_route=\/wp\/v2\/posts\/18447\/revisions\/24062"}],"wp:attachment":[{"href":"https:\/\/sefaz.ac.gov.br\/2021\/index.php?rest_route=%2Fwp%2Fv2%2Fmedia&parent=18447"}],"wp:term":[{"taxonomy":"category","embeddable":true,"href":"https:\/\/sefaz.ac.gov.br\/2021\/index.php?rest_route=%2Fwp%2Fv2%2Fcategories&post=18447"},{"taxonomy":"post_tag","embeddable":true,"href":"https:\/\/sefaz.ac.gov.br\/2021\/index.php?rest_route=%2Fwp%2Fv2%2Ftags&post=18447"}],"curies":[{"name":"wp","href":"https:\/\/api.w.org\/{rel}","templated":true}]}}