{"id":18340,"date":"2023-08-01T14:06:00","date_gmt":"2023-08-01T17:06:00","guid":{"rendered":"http:\/\/sefaz.acre.gov.br:80\/2021\/?p=18340"},"modified":"2023-08-01T14:12:48","modified_gmt":"2023-08-01T17:12:48","slug":"portaria-sefaz-no-627-de-31-de-julho-de-2023","status":"publish","type":"post","link":"https:\/\/sefaz.ac.gov.br\/2021\/?p=18340","title":{"rendered":"PORTARIA SEFAZ N\u00ba 627, DE 31 DE JULHO DE 2023"},"content":{"rendered":"\n<p class=\"wp-block-paragraph\"><strong>O SECRET\u00c1RIO DE ESTADO DA FAZENDA,<\/strong> no uso de suas atribui\u00e7\u00f5es constitucionais e legais que lhe confere o Decreto n\u00ba 4.059-P, de 05 de junho de 2023, publicado no Di\u00e1rio Oficial n\u00ba 13.550, de 07 de junho de 2023, e tendo em vista o disposto no art. 56-A da Lei Complementar n\u00ba 55, de 9 de julho de 1997 e no art. 69-A do Decreto 008, de 26 de janeiro de 1998;<\/p>\n\n\n\n<p class=\"wp-block-paragraph\">CONSIDERANDO as disposi\u00e7\u00f5es contidas da Lei n\u00ba 4.139, de 24 de julho de 2023, e no Conv\u00eanio ICM 44, de 10 de dezembro de 1975;<\/p>\n\n\n\n<p class=\"wp-block-paragraph\">CONSIDERANDO o Despacho n\u00ba 1100\/2023\/ SEFAZ &#8211; GSARE (SEI 7874923) exarada pela Secretaria Adjunta da Receita Estadual &#8211; SARE; e<\/p>\n\n\n\n<p class=\"wp-block-paragraph\">CONSIDERANDO o constante dos autos do processo n\u00ba 0715.012496.00041\/2023-16.<\/p>\n\n\n\n<p class=\"wp-block-paragraph\"><strong>RESOLVE:<\/strong><\/p>\n\n\n\n<p class=\"wp-block-paragraph\">Art. 1\u00ba &nbsp;Nos termos da Lei n\u00ba 4.139, de 24 de julho de 2023 e do Conv\u00eanio ICM 44, de 10 de dezembro de 1975, s\u00e3o isentos do Imposto sobre Opera\u00e7\u00f5es Relativas \u00e0 Circula\u00e7\u00e3o de Mercadorias e sobre Presta\u00e7\u00f5es de Servi\u00e7os de Transporte Interestadual e Intermunicipal e de Comunica\u00e7\u00e3o &#8211; ICMS os seguintes produtos hortifrutigranjeiros em estado natural:<\/p>\n\n\n\n<p class=\"wp-block-paragraph\">I &#8211; Acelga, aipo, alcachofra, araruta, alecrim, arruda, alfavaca, alfazema, aneto, anis, azedim;<\/p>\n\n\n\n<p class=\"wp-block-paragraph\">II &#8211; Batata, berinjela, bertalha, beterraba e br\u00f3colos;<\/p>\n\n\n\n<p class=\"wp-block-paragraph\">III &#8211; camomila, cardo, catalonha, cebola, cenoura, chuchu, couve-flor, cogumelo e cominho;<\/p>\n\n\n\n<p class=\"wp-block-paragraph\">IV &#8211; Erva-doce, erva-de-santa-maria, ervilha, escarola, end\u00edvia, aspargo;<\/p>\n\n\n\n<p class=\"wp-block-paragraph\">V &#8211; Frutas frescas nacionais ou provenientes dos pa\u00edses membros da Associa\u00e7\u00e3o Latino &#8211; Americana de Livre Com\u00e9rcio (ALALC) e funcho, exclu\u00eddo o alho, am\u00eandoas, avel\u00e3s, castanhas, nozes, peras, ma\u00e7\u00e3s, morango, kiwi, mirtilo, berrys em geral, pitaya, p\u00eassego, caqui, maracuj\u00e1, cereja fresca, physalis, uva e ameixa;<\/p>\n\n\n\n<p class=\"wp-block-paragraph\">VI &#8211; Jil\u00f3, losna;<\/p>\n\n\n\n<p class=\"wp-block-paragraph\">VII &#8211; manjerona;<\/p>\n\n\n\n<p class=\"wp-block-paragraph\">VIII &#8211; nabo e nabi\u00e7a;<\/p>\n\n\n\n<p class=\"wp-block-paragraph\">IX &#8211; Piment\u00e3o;<\/p>\n\n\n\n<p class=\"wp-block-paragraph\">X &#8211; Repolho, rabanete, raiz-forte, ruibarbo, sals\u00e3o, segurelha;<\/p>\n\n\n\n<p class=\"wp-block-paragraph\">XI &#8211; tampala, tomate, tomilho.<\/p>\n\n\n\n<p class=\"wp-block-paragraph\">XII &#8211; brotos de vegetais, cacateira, cambuquira, gobo, mostarda, repolho chin\u00eas.<\/p>\n\n\n\n<p class=\"wp-block-paragraph\">\u00a7 1\u00ba &nbsp;Compreende-se na express\u00e3o frutas frescas constante desta Portaria: abacaxi, abacate, banana, lim\u00e3o, mam\u00e3o, pepino, pimenta, ponc\u00e3, mel\u00e3o, melancia, coco verde, laranja, manga, tomate, lima, muricote, tangerina e goiaba.<\/p>\n\n\n\n<p class=\"wp-block-paragraph\">\u00a7 2\u00ba &nbsp;Compreende-se na express\u00e3o demais folhas usadas na alimenta\u00e7\u00e3o humana constante desta Portaria, as seguintes folhagens: alface, couve, couve-flor, repolho, couve-r\u00e1bano, br\u00f3colis, couve-de-bruxelas, chic\u00f3ria, end\u00edvia, espinafre, acelga, salsa, ceref\u00f3lio, estrag\u00e3o, agri\u00e3o, segurelha, coentro, endro, manjerona, almeir\u00e3o, cebolinha, mostarda, folhas de beterraba, arugula, cardo, alecrim, manjeric\u00e3o, s\u00e1lvia, r\u00facula, radicchio, folhas de rabanete, hortel\u00e3, jambu, mastruz e as folhas das Plantas Aliment\u00edcias N\u00e3o Convencionais &#8211; PANC.<\/p>\n\n\n\n<p class=\"wp-block-paragraph\">Art. 2\u00ba &nbsp;A isen\u00e7\u00e3o de que trata essa Portaria n\u00e3o se aplica a produtos destinados \u00e0 industrializa\u00e7\u00e3o ou com adi\u00e7\u00e3o de outros produtos que n\u00e3o os listados no inciso I do art. 1\u00ba da Lei n\u00ba 4.139\/2023.<\/p>\n\n\n\n<p class=\"wp-block-paragraph\">Art. 3\u00ba &nbsp;Esta Portaria entra em vigor na data de sua publica\u00e7\u00e3o.<\/p>\n\n\n\n<p class=\"wp-block-paragraph\">Rio Branco\/AC, de 31 de julho de 2023.<\/p>\n","protected":false},"excerpt":{"rendered":"<p>Isen\u00e7\u00e3o do ICMS dos produtos hortifrutigranjeiros em estado natural.<\/p>\n","protected":false},"author":5,"featured_media":0,"comment_status":"closed","ping_status":"closed","sticky":false,"template":"","format":"standard","meta":{"_acf_changed":false,"footnotes":""},"categories":[3,33],"tags":[35],"class_list":["post-18340","post","type-post","status-publish","format-standard","hentry","category-legislacao","category-portarias","tag-icms"],"acf":[],"_links":{"self":[{"href":"https:\/\/sefaz.ac.gov.br\/2021\/index.php?rest_route=\/wp\/v2\/posts\/18340","targetHints":{"allow":["GET"]}}],"collection":[{"href":"https:\/\/sefaz.ac.gov.br\/2021\/index.php?rest_route=\/wp\/v2\/posts"}],"about":[{"href":"https:\/\/sefaz.ac.gov.br\/2021\/index.php?rest_route=\/wp\/v2\/types\/post"}],"author":[{"embeddable":true,"href":"https:\/\/sefaz.ac.gov.br\/2021\/index.php?rest_route=\/wp\/v2\/users\/5"}],"replies":[{"embeddable":true,"href":"https:\/\/sefaz.ac.gov.br\/2021\/index.php?rest_route=%2Fwp%2Fv2%2Fcomments&post=18340"}],"version-history":[{"count":0,"href":"https:\/\/sefaz.ac.gov.br\/2021\/index.php?rest_route=\/wp\/v2\/posts\/18340\/revisions"}],"wp:attachment":[{"href":"https:\/\/sefaz.ac.gov.br\/2021\/index.php?rest_route=%2Fwp%2Fv2%2Fmedia&parent=18340"}],"wp:term":[{"taxonomy":"category","embeddable":true,"href":"https:\/\/sefaz.ac.gov.br\/2021\/index.php?rest_route=%2Fwp%2Fv2%2Fcategories&post=18340"},{"taxonomy":"post_tag","embeddable":true,"href":"https:\/\/sefaz.ac.gov.br\/2021\/index.php?rest_route=%2Fwp%2Fv2%2Ftags&post=18340"}],"curies":[{"name":"wp","href":"https:\/\/api.w.org\/{rel}","templated":true}]}}