{"id":18138,"date":"2022-09-15T12:12:55","date_gmt":"2022-09-15T15:12:55","guid":{"rendered":"http:\/\/sefaz.acre.gov.br:80\/2021\/?p=18138"},"modified":"2026-04-01T12:14:42","modified_gmt":"2026-04-01T15:14:42","slug":"lei-no-3-976-de-15-de-setembro-de-2022","status":"publish","type":"post","link":"https:\/\/sefaz.ac.gov.br\/2021\/?p=18138","title":{"rendered":"LEI N\u00ba 3.976, DE 15 DE SETEMBRO DE 2022"},"content":{"rendered":"\r\n<p class=\"wp-block-paragraph\"><strong>O GOVERNADOR DO ESTADO DO ACRE,<\/strong><\/p>\r\n\r\n\r\n\r\n<p class=\"wp-block-paragraph\"><strong>FA\u00c7O SABER<\/strong> que a Assembleia Legislativa do Estado do Acre decreta e eu sanciono a seguinte Lei:<\/p>\r\n\r\n\r\n\r\n<p class=\"wp-block-paragraph\">Art. 1\u00b0 \u00a0A <a href=\"https:\/\/sefaz.ac.gov.br\/2021\/?p=11980\" target=\"_blank\" rel=\"noreferrer noopener\">Lei n\u00b0 3.532, de 30 de outubro de 2019<\/a>, passa a vigorar com a seguinte reda\u00e7\u00e3o:<\/p>\r\n\r\n\r\n\r\n<blockquote class=\"wp-block-quote is-layout-flow wp-block-quote-is-layout-flow\">\r\n<p class=\"wp-block-paragraph\">\u201cArt. 3\u00b0&#8230;<\/p>\r\n\r\n\r\n\r\n<p class=\"wp-block-paragraph\">I &#8211; setenta por cento proporcional ao \u00cdndice de Valor Adicionado, apurado em conformidade com o disposto no art. 3\u00b0, da Lei Complementar n\u00b0 63, de 11 de janeiro de 1990;<\/p>\r\n\r\n\r\n\r\n<p class=\"wp-block-paragraph\">&#8230;<\/p>\r\n\r\n\r\n\r\n<p class=\"wp-block-paragraph\">IV &#8211; dezenove por cento proporcional ao \u00cdndice de Qualidade da Educa\u00e7\u00e3o Municipal, que ser\u00e1 apurado anualmente com base em indicadores de melhoria nos resultados de aprendizagem e de aumento da equidade, considerando o n\u00edvel socioecon\u00f4mico dos educandos da rede municipal. (NR)<\/p>\r\n\r\n\r\n\r\n<p class=\"wp-block-paragraph\">&#8230;<\/p>\r\n\r\n\r\n\r\n<p class=\"wp-block-paragraph\">Art. 5\u00b0-A \u00a0O \u00edndice de que trata o inciso IV do art. 3\u00b0, refletir\u00e1 o desempenho em provas de avalia\u00e7\u00e3o dos alunos da educa\u00e7\u00e3o b\u00e1sica da rede municipal, considerando o n\u00edvel, a evolu\u00e7\u00e3o e a taxa de aprova\u00e7\u00e3o.<\/p>\r\n\r\n\r\n\r\n<p class=\"wp-block-paragraph\">\u00a7 1\u00b0 \u00a0O Poder Executivo regulamentar\u00e1 a f\u00f3rmula e os par\u00e2metros de c\u00e1lculo do \u00cdndice de Qualidade da Educa\u00e7\u00e3o Municipal.<\/p>\r\n\r\n\r\n\r\n<p class=\"wp-block-paragraph\">\u00a7 2\u00b0 \u00a0O regulamento estabelecer\u00e1 pondera\u00e7\u00e3o pela taxa de municipaliza\u00e7\u00e3o, indicador socioecon\u00f4mico dos alunos, n\u00famero total de alunos e outros indicadores a crit\u00e9rio do Poder Executivo.\u201d (AC)<\/p>\r\n\r\n\r\n\r\n<p class=\"wp-block-paragraph\">Art. 5\u00b0-B \u00a0As provas de que tratam o art. 5\u00b0-A, ser\u00e3o aplicadas anualmente pelo Estado, com apoio dos munic\u00edpios, a partir do ano letivo de 2022.<\/p>\r\n\r\n\r\n\r\n<p class=\"wp-block-paragraph\">Par\u00e1grafo \u00fanico. \u00a0Ao munic\u00edpio que n\u00e3o realizar as referidas provas de avalia\u00e7\u00e3o ser\u00e1 atribu\u00edda a nota equivalente ao percentual de noventa e oito por cento da menor nota registrada.\u201d (AC)<\/p>\r\n\r\n\r\n\r\n<p class=\"wp-block-paragraph\">&#8230;<\/p>\r\n\r\n\r\n\r\n<p class=\"wp-block-paragraph\">Art. 15. \u00a0Os crit\u00e9rios de fixa\u00e7\u00e3o do IPM\/ICMS previstos nos incisos II a IV do art. 3\u00b0 desta lei aplicam-se para distribui\u00e7\u00e3o do imposto a partir de 1\u00b0 de janeiro de 2030, observando-se, para o per\u00edodo de 1\u00b0 de janeiro de 2020 a 31 de dezembro de 2029, os seguintes crit\u00e9rios de transi\u00e7\u00e3o, em substitui\u00e7\u00e3o ao disposto naqueles incisos:<\/p>\r\n\r\n\r\n\r\n<p class=\"wp-block-paragraph\">&#8230;<\/p>\r\n\r\n\r\n\r\n<p class=\"wp-block-paragraph\">II &#8211; &#8230;<\/p>\r\n\r\n\r\n\r\n<p class=\"wp-block-paragraph\">a) pelo crit\u00e9rio de transi\u00e7\u00e3o estabelecido no inciso I, com redu\u00e7\u00e3o progressiva do percentual estabelecido naquele inciso, conforme discriminado na tabela constante do Anexo \u00fanico;<\/p>\r\n\r\n\r\n\r\n<p class=\"wp-block-paragraph\">b) pelos crit\u00e9rios dos incisos II a IV do art. 3\u00b0, com aumento progressivo do peso de cada \u00edndice, at\u00e9 atingir os percentuais estabelecidos naqueles incisos, conforme discriminado na tabela constante do Anexo \u00fanico.\u201d (NR)<\/p>\r\n<\/blockquote>\r\n\r\n\r\n\r\n<p class=\"wp-block-paragraph\">Art. 2\u00b0 \u00a0O Anexo \u00fanico da Lei n\u00b0 3.532, de 2019, passa a vigorar conforme o estabelecido nesta lei.<\/p>\r\n\r\n\r\n\r\n<p class=\"has-text-color wp-block-paragraph\" style=\"color: #f02b2b;\">Acrescentado o Par\u00e1grafo \u00fanico, pela <a href=\"https:\/\/sefaz.ac.gov.br\/2021\/?p=11465\" target=\"_blank\" rel=\"noreferrer noopener\">Lei n\u00ba 4.056, de 15 de dezembro de 2022<\/a>. Efeitos a partir de 19 de janeiro de 2023.<\/p>\r\n\r\n\r\n\r\n<p class=\"wp-block-paragraph\">Par\u00e1grafo \u00fanico. Para apura\u00e7\u00e3o do \u00cdndice de Participa\u00e7\u00e3o do Munic\u00edpio &#8211; IPM\/ICMS a ser aplicado no exerc\u00edcio de 2023, n\u00e3o ser\u00e3o considerados os efeitos desta lei. (AC)<\/p>\r\n\r\n\r\n\r\n<p class=\"wp-block-paragraph\">Art. 3\u00b0 \u00a0Esta lei entra em vigor na data de sua publica\u00e7\u00e3o, produzindo efeitos a partir de 1\u00b0 de janeiro de 2023, exceto com rela\u00e7\u00e3o ao art. 5\u00b0-B, da Lei n\u00ba 3.532, de 2019, que produzir\u00e1 efeitos imediatamente.<\/p>\r\n\r\n\r\n\r\n<p class=\"wp-block-paragraph\">Par\u00e1grafo \u00fanico.\u00a0 \u00a0Para apura\u00e7\u00e3o do \u00cdndice de Participa\u00e7\u00e3o do Munic\u00edpio &#8211; IPM\/ICMS a ser aplicado no exerc\u00edcio de 2023, ser\u00e3o considerados os efeitos desta lei.<\/p>\r\n\r\n\r\n\r\n<p class=\"wp-block-paragraph\">Art. 4\u00b0\u00a0 Ficam revogados os seguintes dispositivos da Lei n\u00b0 3.532, de 2019:<\/p>\r\n\r\n\r\n\r\n<p class=\"wp-block-paragraph\">I &#8211; os itens 1 a 9 da al\u00ednea \u201ca\u201d do inciso II do art. 15;<\/p>\r\n\r\n\r\n\r\n<p class=\"wp-block-paragraph\">II &#8211; os itens 1 a 9, al\u00ednea \u201cb\u201d do inciso II do art. 15.<\/p>\r\n\r\n\r\n\r\n<p class=\"wp-block-paragraph\">Rio Branco-Acre, 15 de setembro de 2022, 134\u00ba da Rep\u00fablica, 120\u00ba do Tratado de Petr\u00f3polis e 61\u00ba do Estado do Acre.<\/p>\r\n","protected":false},"excerpt":{"rendered":"<p>Altera a Lei n\u00b0 3.532, de 30 de outubro de 2019, que disp\u00f5e sobre os crit\u00e9rios de distribui\u00e7\u00e3o do Imposto sobre Opera\u00e7\u00f5es Relativas \u00e0 Circula\u00e7\u00e3o de Mercadorias e sobre Presta\u00e7\u00f5es de Servi\u00e7os de Transporte Interestadual e Intermunicipal e de Comunica\u00e7\u00e3o &#8211; ICMS, pertencente aos munic\u00edpios.<\/p>\n","protected":false},"author":5,"featured_media":0,"comment_status":"closed","ping_status":"closed","sticky":false,"template":"","format":"standard","meta":{"_acf_changed":false,"footnotes":""},"categories":[3,31],"tags":[55,35,67],"class_list":["post-18138","post","type-post","status-publish","format-standard","hentry","category-legislacao","category-leis-ordinarias","tag-codip","tag-icms","tag-ipm"],"acf":[],"_links":{"self":[{"href":"https:\/\/sefaz.ac.gov.br\/2021\/index.php?rest_route=\/wp\/v2\/posts\/18138","targetHints":{"allow":["GET"]}}],"collection":[{"href":"https:\/\/sefaz.ac.gov.br\/2021\/index.php?rest_route=\/wp\/v2\/posts"}],"about":[{"href":"https:\/\/sefaz.ac.gov.br\/2021\/index.php?rest_route=\/wp\/v2\/types\/post"}],"author":[{"embeddable":true,"href":"https:\/\/sefaz.ac.gov.br\/2021\/index.php?rest_route=\/wp\/v2\/users\/5"}],"replies":[{"embeddable":true,"href":"https:\/\/sefaz.ac.gov.br\/2021\/index.php?rest_route=%2Fwp%2Fv2%2Fcomments&post=18138"}],"version-history":[{"count":1,"href":"https:\/\/sefaz.ac.gov.br\/2021\/index.php?rest_route=\/wp\/v2\/posts\/18138\/revisions"}],"predecessor-version":[{"id":24069,"href":"https:\/\/sefaz.ac.gov.br\/2021\/index.php?rest_route=\/wp\/v2\/posts\/18138\/revisions\/24069"}],"wp:attachment":[{"href":"https:\/\/sefaz.ac.gov.br\/2021\/index.php?rest_route=%2Fwp%2Fv2%2Fmedia&parent=18138"}],"wp:term":[{"taxonomy":"category","embeddable":true,"href":"https:\/\/sefaz.ac.gov.br\/2021\/index.php?rest_route=%2Fwp%2Fv2%2Fcategories&post=18138"},{"taxonomy":"post_tag","embeddable":true,"href":"https:\/\/sefaz.ac.gov.br\/2021\/index.php?rest_route=%2Fwp%2Fv2%2Ftags&post=18138"}],"curies":[{"name":"wp","href":"https:\/\/api.w.org\/{rel}","templated":true}]}}