{"id":18113,"date":"2023-07-11T12:47:05","date_gmt":"2023-07-11T15:47:05","guid":{"rendered":"http:\/\/sefaz.acre.gov.br:80\/2021\/?p=18113"},"modified":"2026-04-01T12:10:28","modified_gmt":"2026-04-01T15:10:28","slug":"portaria-no-550-de-11-de-julho-de-2023","status":"publish","type":"post","link":"https:\/\/sefaz.ac.gov.br\/2021\/?p=18113","title":{"rendered":"PORTARIA N\u00ba 550, DE\u00a0 11 DE JULHO DE 2023"},"content":{"rendered":"\r\n<p class=\"wp-block-paragraph\"><strong>O SECRET\u00c1RIO DE ESTADO DA FAZENDA<\/strong>, no uso de suas atribui\u00e7\u00f5es constitucionais e legais que lhe confere o Decreto n\u00ba 4.059-P, de 5 de junho de 2023, publicado no Di\u00e1rio Oficial n\u00ba 13.550, de 7 de junho de 2023;<\/p>\r\n\r\n\r\n\r\n<p class=\"wp-block-paragraph\">Considerando o disposto no inciso XI do art. 4\u00ba do Regimento Interno da Secretaria de Estado da Fazenda, aprovado pela Portaria SEFAZ n\u00ba 513, de 20 de junho de 2023;<\/p>\r\n\r\n\r\n\r\n<p class=\"wp-block-paragraph\">Considerando o disposto no art. 519, do Regulamento do ICMS do Estado do Acre, aprovado pelo Decreto n\u00ba 008, de 26 de janeiro de 1998;<\/p>\r\n\r\n\r\n\r\n<p class=\"wp-block-paragraph\">Considerando o Despacho n\u00ba 974\/2023\/SEFAZ &#8211; GSARE (SEI 7639150) exarado pela Secretaria Adjunta da Receita Estadual &#8211; SARE; e<\/p>\r\n\r\n\r\n\r\n<p class=\"wp-block-paragraph\">Considerando o constante nos autos do processo n\u00ba 0715.012495.00053\/2023-33.<\/p>\r\n\r\n\r\n\r\n<p class=\"wp-block-paragraph\"><strong>RESOLVE:<\/strong><\/p>\r\n\r\n\r\n\r\n<p class=\"wp-block-paragraph\">Art. 1\u00ba Alterar, conforme Anexo \u00danico desta Portaria, o pre\u00e7o do Bovino constante do item II &#8211; SA\u00cdDAS, subitem 2, do Anexo \u00danico da Pauta de Pre\u00e7os estabelecida pela <a href=\"https:\/\/sefaz.ac.gov.br\/2021\/?p=17757\" target=\"_blank\" rel=\"noreferrer noopener\">Portaria n\u00ba 333, de 11 de novembro de 2021<\/a>, que fixa os valores m\u00ednimos da base de c\u00e1lculo do ICMS incidente sobre as opera\u00e7\u00f5es e presta\u00e7\u00f5es com mercadorias nela relacionadas.<\/p>\r\n\r\n\r\n\r\n<p class=\"wp-block-paragraph\">Art. 2\u00ba Esta Portaria entra em vigor na data da sua publica\u00e7\u00e3o.<\/p>\r\n\r\n\r\n\r\n<p class=\"wp-block-paragraph\">Rio Branco &#8211; Acre, 11 de julho de 2023.<\/p>\r\n","protected":false},"excerpt":{"rendered":"<p>Altera a Portaria n\u00ba 333, de 11 de novembro de 2021, que fixa os valores m\u00ednimos da base de c\u00e1lculo do ICMS incidente sobre as opera\u00e7\u00f5es e presta\u00e7\u00f5es com mercadorias nela relacionadas.<\/p>\n","protected":false},"author":5,"featured_media":0,"comment_status":"closed","ping_status":"closed","sticky":false,"template":"","format":"standard","meta":{"_acf_changed":false,"footnotes":""},"categories":[3,33],"tags":[35],"class_list":["post-18113","post","type-post","status-publish","format-standard","hentry","category-legislacao","category-portarias","tag-icms"],"acf":[],"_links":{"self":[{"href":"https:\/\/sefaz.ac.gov.br\/2021\/index.php?rest_route=\/wp\/v2\/posts\/18113","targetHints":{"allow":["GET"]}}],"collection":[{"href":"https:\/\/sefaz.ac.gov.br\/2021\/index.php?rest_route=\/wp\/v2\/posts"}],"about":[{"href":"https:\/\/sefaz.ac.gov.br\/2021\/index.php?rest_route=\/wp\/v2\/types\/post"}],"author":[{"embeddable":true,"href":"https:\/\/sefaz.ac.gov.br\/2021\/index.php?rest_route=\/wp\/v2\/users\/5"}],"replies":[{"embeddable":true,"href":"https:\/\/sefaz.ac.gov.br\/2021\/index.php?rest_route=%2Fwp%2Fv2%2Fcomments&post=18113"}],"version-history":[{"count":1,"href":"https:\/\/sefaz.ac.gov.br\/2021\/index.php?rest_route=\/wp\/v2\/posts\/18113\/revisions"}],"predecessor-version":[{"id":24060,"href":"https:\/\/sefaz.ac.gov.br\/2021\/index.php?rest_route=\/wp\/v2\/posts\/18113\/revisions\/24060"}],"wp:attachment":[{"href":"https:\/\/sefaz.ac.gov.br\/2021\/index.php?rest_route=%2Fwp%2Fv2%2Fmedia&parent=18113"}],"wp:term":[{"taxonomy":"category","embeddable":true,"href":"https:\/\/sefaz.ac.gov.br\/2021\/index.php?rest_route=%2Fwp%2Fv2%2Fcategories&post=18113"},{"taxonomy":"post_tag","embeddable":true,"href":"https:\/\/sefaz.ac.gov.br\/2021\/index.php?rest_route=%2Fwp%2Fv2%2Ftags&post=18113"}],"curies":[{"name":"wp","href":"https:\/\/api.w.org\/{rel}","templated":true}]}}