{"id":18097,"date":"2022-12-30T14:35:48","date_gmt":"2022-12-30T17:35:48","guid":{"rendered":"http:\/\/sefaz.acre.gov.br:80\/2021\/?p=18097"},"modified":"2026-04-01T12:15:21","modified_gmt":"2026-04-01T15:15:21","slug":"lei-complementar-no-423-de-30-de-dezembro-de-2022","status":"publish","type":"post","link":"https:\/\/sefaz.ac.gov.br\/2021\/?p=18097","title":{"rendered":"LEI COMPLEMENTAR N\u00ba 423, DE 30 DE DEZEMBRO DE 2022"},"content":{"rendered":"\r\n<p class=\"wp-block-paragraph\"><strong>O GOVERNADOR DO ESTADO DO ACRE<\/strong><\/p>\r\n\r\n\r\n\r\n<p class=\"wp-block-paragraph\"><strong>FA\u00c7O SABER<\/strong> que a Assembleia Legislativa do Estado do Acre decreta e eu sanciono a seguinte Lei Complementar:<\/p>\r\n\r\n\r\n\r\n<p class=\"wp-block-paragraph\">Art. 1\u00ba A <a href=\"https:\/\/sefaz.ac.gov.br\/2021\/?p=12159\" target=\"_blank\" rel=\"noreferrer noopener\">Lei Complementar n\u00ba 55, de 9 de julho de 1997<\/a>, passa a vigorar com a seguinte reda\u00e7\u00e3o<\/p>\r\n\r\n\r\n\r\n<blockquote class=\"wp-block-quote is-layout-flow wp-block-quote-is-layout-flow\">\r\n<p class=\"wp-block-paragraph\">\u201cArt. 24. &#8230;<\/p>\r\n\r\n\r\n\r\n<p class=\"wp-block-paragraph\">&#8230;<\/p>\r\n\r\n\r\n\r\n<p class=\"wp-block-paragraph\">\u00a7 2\u00ba &#8230;<\/p>\r\n\r\n\r\n\r\n<p class=\"wp-block-paragraph\">&#8230;<\/p>\r\n\r\n\r\n\r\n<p class=\"wp-block-paragraph\">II \u2013 poder\u00e1 dar-se em rela\u00e7\u00e3o \u00e0s mercadorias relacionadas no Anexo I a esta lei complementar, e nas seguintes hip\u00f3teses:<\/p>\r\n\r\n\r\n\r\n<p class=\"wp-block-paragraph\">&#8230;\u201d (NR)<\/p>\r\n<\/blockquote>\r\n\r\n\r\n\r\n<p class=\"wp-block-paragraph\">Art. 2\u00ba A Lei Complementar n\u00ba 55, de 1997, passa a vigorar acrescida do anexo \u00fanico a esta lei complementar.<\/p>\r\n\r\n\r\n\r\n<p class=\"wp-block-paragraph\">Art. 3\u00ba Em virtude da altera\u00e7\u00e3o promovida pelo art. 2\u00ba desta lei complementar, fica renomeado o anexo \u00fanico \u00e0 Lei Complementar n\u00ba 55 como Anexo I.<\/p>\r\n\r\n\r\n\r\n<p class=\"wp-block-paragraph\">Art. 4\u00ba Esta Lei Complementar entra em vigor na data de sua publica\u00e7\u00e3o, produzindo efeitos, em rela\u00e7\u00e3o a cada combust\u00edvel, a partir da celebra\u00e7\u00e3o do conv\u00eanio de que trata o <strong>caput<\/strong> do art. 1\u00ba do Anexo II da Lei Complementar n\u00ba 55, de 1997, na reda\u00e7\u00e3o dada pelo art. 1\u00ba desta lei complementar.<\/p>\r\n\r\n\r\n\r\n<p class=\"wp-block-paragraph\">Rio Branco-Acre, 30 de dezembro de 2022, 134\u00ba da Rep\u00fablica, 120\u00ba do Tratado de Petr\u00f3polis e 61\u00ba do Estado do Acre.<\/p>\r\n\r\n\r\n\r\n<p class=\"wp-block-paragraph\">&nbsp;<\/p>\r\n\r\n\r\n\r\n<p class=\"wp-block-paragraph\">&nbsp;<\/p>\r\n\r\n\r\n\r\n<p class=\"has-text-align-center wp-block-paragraph\"><strong>Gladson de Lima Cameli<\/strong><\/p>\r\n\r\n\r\n\r\n<p class=\"has-text-align-center wp-block-paragraph\">Governador do Estado do Acre<\/p>\r\n\r\n\r\n\r\n<p class=\"wp-block-paragraph\">&nbsp;<\/p>\r\n\r\n\r\n\r\n<p class=\"wp-block-paragraph\">&nbsp;<\/p>\r\n\r\n\r\n\r\n<p class=\"wp-block-paragraph\">&nbsp;<\/p>\r\n\r\n\r\n\r\n<p class=\"has-text-align-center wp-block-paragraph\"><strong>ANEXO \u00daNICO<\/strong><\/p>\r\n\r\n\r\n\r\n<p class=\"has-text-align-center wp-block-paragraph\"><strong>\u201cANEXO II<\/strong><\/p>\r\n\r\n\r\n\r\n<p class=\"has-text-align-center wp-block-paragraph\"><strong>DA INCID\u00caNCIA MONOF\u00c1SICA DO IMPOSTO NAS OPERA\u00c7\u00d5ES COM COMBUST\u00cdVEIS<\/strong><\/p>\r\n\r\n\r\n\r\n<p class=\"wp-block-paragraph\">Art. 1\u00ba Enquanto vigorar conv\u00eanio celebrado entre os Estados e o Distrito Federal com fundamento no inciso IV do \u00a7 4\u00ba e no \u00a7 5\u00ba do art. 155 da Constitui\u00e7\u00e3o da Rep\u00fablica, em substitui\u00e7\u00e3o ao regime normal de incid\u00eancia plurif\u00e1sica previsto nesta lei complementar, o imposto incidir\u00e1 uma \u00fanica vez, qualquer que seja a sua finalidade, nas opera\u00e7\u00f5es, ainda que iniciadas no exterior, com os seguintes combust\u00edveis:<\/p>\r\n\r\n\r\n\r\n<p class=\"wp-block-paragraph\">I &#8211; diesel e biodiesel;<\/p>\r\n\r\n\r\n\r\n<p class=\"wp-block-paragraph\">II &#8211; g\u00e1s liquefeito de petr\u00f3leo, inclusive o derivado do g\u00e1s natural.<\/p>\r\n\r\n\r\n\r\n<p class=\"wp-block-paragraph\">\u00a7 1\u00ba As regras necess\u00e1rias para aplica\u00e7\u00e3o do disposto neste anexo, inclusive as relativas \u00e0 apura\u00e7\u00e3o e \u00e0 destina\u00e7\u00e3o do imposto, ser\u00e3o definidas pelo conv\u00eanio de que trata o <strong>caput<\/strong> deste artigo.<\/p>\r\n\r\n\r\n\r\n<p class=\"wp-block-paragraph\">\u00a7 2\u00ba Ao que n\u00e3o for contr\u00e1rio ao disposto neste anexo, aplicam-se subsidiariamente as demais disposi\u00e7\u00f5es da legisla\u00e7\u00e3o tribut\u00e1ria.<\/p>\r\n\r\n\r\n\r\n<p class=\"wp-block-paragraph\">\u00a7 3\u00ba Cessados os efeitos do conv\u00eanio de que trata o <strong>caput<\/strong> deste artigo em rela\u00e7\u00e3o a determinado combust\u00edvel, aplica-se em rela\u00e7\u00e3o a ele o regime normal de incid\u00eancia plurif\u00e1sica previsto nesta lei complementar.<\/p>\r\n\r\n\r\n\r\n<p class=\"wp-block-paragraph\">Art. 2\u00ba Considera-se ocorrido o fato gerador do imposto incidente nos termos deste anexo no momento:<\/p>\r\n\r\n\r\n\r\n<p class=\"wp-block-paragraph\">I &#8211; da sa\u00edda dos combust\u00edveis relacionados nos incisos do <strong>caput<\/strong> do art. 1\u00ba deste Anexo do estabelecimento do contribuinte de que trata o art. 3\u00ba deste anexo, nas opera\u00e7\u00f5es ocorridas no territ\u00f3rio nacional;<\/p>\r\n\r\n\r\n\r\n<p class=\"wp-block-paragraph\">II &#8211; do desembara\u00e7o aduaneiro dos combust\u00edveis relacionados nos incisos do <strong>caput<\/strong> do art. 1\u00ba deste anexo, nas opera\u00e7\u00f5es de importa\u00e7\u00e3o.<\/p>\r\n\r\n\r\n\r\n<p class=\"wp-block-paragraph\">Art. 3\u00ba S\u00e3o contribuintes do imposto incidente nos termos deste anexo o produtor e aqueles que lhe sejam equiparados e o importador dos combust\u00edveis.<\/p>\r\n\r\n\r\n\r\n<p class=\"wp-block-paragraph\">\u00a7 1\u00ba O disposto no <strong>caput<\/strong> deste artigo alcan\u00e7a inclusive as pessoas que produzem combust\u00edveis de forma residual, os formuladores de combust\u00edveis por meio de mistura mec\u00e2nica, as centrais petroqu\u00edmicas e as bases das refinarias de petr\u00f3leo.<\/p>\r\n\r\n\r\n\r\n<p class=\"wp-block-paragraph\">\u00a7 2\u00ba Com fundamento no \u00a7 1\u00ba do art. 6\u00ba da Lei Complementar Federal n\u00ba 192, de 11 de mar\u00e7o de 2022, ser\u00e3o:<\/p>\r\n\r\n\r\n\r\n<p class=\"wp-block-paragraph\">I &#8211; considerados contribuintes aqueles equiparados a produtores de combust\u00edveis pelo conv\u00eanio de que trata o <strong>caput<\/strong> do art. 1\u00ba deste anexo;<\/p>\r\n\r\n\r\n\r\n<p class=\"wp-block-paragraph\">II &#8211; respons\u00e1veis pela reten\u00e7\u00e3o e pelo recolhimento do imposto incidente nos termos deste anexo, o contribuinte ou o deposit\u00e1rio a qualquer t\u00edtulo assim considerados pelo conv\u00eanio de que trata o <strong>caput<\/strong> do art. 1\u00ba deste anexo.<\/p>\r\n\r\n\r\n\r\n<p class=\"wp-block-paragraph\">\u00a7 3\u00ba Sem preju\u00edzo do disposto no art. 124 do C\u00f3digo Tribut\u00e1rio Nacional e no inciso II do \u00a7 2\u00ba deste artigo, fica respons\u00e1vel pelo recolhimento do imposto incidente nos termos deste anexo e dos seus acr\u00e9scimos legais, solidariamente com o contribuinte, o estabelecimento ou pessoa que:<\/p>\r\n\r\n\r\n\r\n<p class=\"wp-block-paragraph\">I &#8211; realizar opera\u00e7\u00e3o interestadual com combust\u00edvel destinado a este Estado, se este, por qualquer motivo, vier a n\u00e3o ser recolhido pelo contribuinte;<\/p>\r\n\r\n\r\n\r\n<p class=\"wp-block-paragraph\">II &#8211; for respons\u00e1vel pela omiss\u00e3o ou presta\u00e7\u00e3o de informa\u00e7\u00f5es falsas ou inexatas que resulte na falta de recolhimento do imposto pelo contribuinte;<\/p>\r\n\r\n\r\n\r\n<p class=\"wp-block-paragraph\">III &#8211; realizar opera\u00e7\u00e3o de sa\u00edda de combust\u00edvel recebido sem cobertura de documenta\u00e7\u00e3o fiscal;<\/p>\r\n\r\n\r\n\r\n<p class=\"wp-block-paragraph\">IV &#8211; estiver na posse de combust\u00edvel sem a cobertura de documenta\u00e7\u00e3o fiscal.<\/p>\r\n\r\n\r\n\r\n<p class=\"wp-block-paragraph\">Art. 4\u00ba Para fins deste anexo, ficam adotadas as al\u00edquotas do imposto definidas no conv\u00eanio de que trata o <strong>caput<\/strong> do art. 1\u00ba deste anexo, observado o seguinte:<\/p>\r\n\r\n\r\n\r\n<p class=\"wp-block-paragraph\">I &#8211; ser\u00e3o uniformes em todo o territ\u00f3rio nacional e poder\u00e3o ser diferenciadas por produto, nos termos da al\u00ednea \u201ca\u201d do inciso IV do \u00a7 4\u00ba do art. 155 da Constitui\u00e7\u00e3o Federal;<\/p>\r\n\r\n\r\n\r\n<p class=\"wp-block-paragraph\">II -ser\u00e3o, conforme definido no conv\u00eanio de que trata o <strong>caput<\/strong> do art. 1\u00ba deste anexo, espec\u00edficas por unidade de medida adotada (<strong>ad rem<\/strong>), ou <strong>ad valorem<\/strong>, incidindo sobre o valor da opera\u00e7\u00e3o ou sobre o pre\u00e7o que o produto ou seu similar alcan\u00e7aria em uma venda em condi\u00e7\u00f5es de livre concorr\u00eancia, nos termos da al\u00ednea \u201cb\u201d do inciso IV do \u00a7 4\u00ba do art. 155 da Constitui\u00e7\u00e3o Federal;<\/p>\r\n\r\n\r\n\r\n<p class=\"wp-block-paragraph\">III &#8211; poder\u00e3o ser reduzidas e restabelecidas no mesmo exerc\u00edcio financeiro, nos termos da al\u00ednea \u201cc\u201d do inciso IV do \u00a7 4\u00ba do art. 155 da Constitui\u00e7\u00e3o Federal.<\/p>\r\n\r\n\r\n\r\n<p class=\"wp-block-paragraph\">Art. 5\u00ba O disposto no inciso II do <strong>caput<\/strong> do art. 3\u00ba desta lei complementar n\u00e3o se aplica \u00e0s opera\u00e7\u00f5es realizadas nos termos deste anexo.<\/p>\r\n\r\n\r\n\r\n<p class=\"wp-block-paragraph\">Art. 6\u00ba Para fins de destina\u00e7\u00e3o do imposto incidente nos termos deste anexo, aplicar-se-\u00e3o as disposi\u00e7\u00f5es dos incisos I, II e III do 4\u00ba do art. 155 da Constitui\u00e7\u00e3o da Rep\u00fablica.\u201d (NR)<\/p>\r\n","protected":false},"excerpt":{"rendered":"<p>Altera a Lei Complementar n\u00ba 55, de 9 de julho de 1997, que disp\u00f5e quanto ao Imposto sobre Opera\u00e7\u00f5es Relativas \u00e0 Circula\u00e7\u00e3o de Mercadorias e sobre Presta\u00e7\u00f5es de Servi\u00e7os de Transporte Interestadual e Intermunicipal e de Comunica\u00e7\u00e3o &#8211; ICMS e d\u00e1 outras provid\u00eancias.<\/p>\n","protected":false},"author":5,"featured_media":0,"comment_status":"closed","ping_status":"closed","sticky":false,"template":"","format":"standard","meta":{"_acf_changed":false,"footnotes":""},"categories":[3,30],"tags":[35],"class_list":["post-18097","post","type-post","status-publish","format-standard","hentry","category-legislacao","category-leis-complementares","tag-icms"],"acf":[],"_links":{"self":[{"href":"https:\/\/sefaz.ac.gov.br\/2021\/index.php?rest_route=\/wp\/v2\/posts\/18097","targetHints":{"allow":["GET"]}}],"collection":[{"href":"https:\/\/sefaz.ac.gov.br\/2021\/index.php?rest_route=\/wp\/v2\/posts"}],"about":[{"href":"https:\/\/sefaz.ac.gov.br\/2021\/index.php?rest_route=\/wp\/v2\/types\/post"}],"author":[{"embeddable":true,"href":"https:\/\/sefaz.ac.gov.br\/2021\/index.php?rest_route=\/wp\/v2\/users\/5"}],"replies":[{"embeddable":true,"href":"https:\/\/sefaz.ac.gov.br\/2021\/index.php?rest_route=%2Fwp%2Fv2%2Fcomments&post=18097"}],"version-history":[{"count":1,"href":"https:\/\/sefaz.ac.gov.br\/2021\/index.php?rest_route=\/wp\/v2\/posts\/18097\/revisions"}],"predecessor-version":[{"id":24071,"href":"https:\/\/sefaz.ac.gov.br\/2021\/index.php?rest_route=\/wp\/v2\/posts\/18097\/revisions\/24071"}],"wp:attachment":[{"href":"https:\/\/sefaz.ac.gov.br\/2021\/index.php?rest_route=%2Fwp%2Fv2%2Fmedia&parent=18097"}],"wp:term":[{"taxonomy":"category","embeddable":true,"href":"https:\/\/sefaz.ac.gov.br\/2021\/index.php?rest_route=%2Fwp%2Fv2%2Fcategories&post=18097"},{"taxonomy":"post_tag","embeddable":true,"href":"https:\/\/sefaz.ac.gov.br\/2021\/index.php?rest_route=%2Fwp%2Fv2%2Ftags&post=18097"}],"curies":[{"name":"wp","href":"https:\/\/api.w.org\/{rel}","templated":true}]}}