{"id":17981,"date":"2022-12-12T11:00:29","date_gmt":"2022-12-12T14:00:29","guid":{"rendered":"http:\/\/sefaz.acre.gov.br:80\/2021\/?p=17981"},"modified":"2023-07-06T11:01:05","modified_gmt":"2023-07-06T14:01:05","slug":"portaria-no-620-de-12-de-dezembro-de-2022","status":"publish","type":"post","link":"https:\/\/sefaz.ac.gov.br\/2021\/?p=17981","title":{"rendered":"PORTARIA N\u00ba 620, DE 12 DE DEZEMBRO DE 2022"},"content":{"rendered":"\n<p class=\"wp-block-paragraph\"><strong>O SECRET\u00c1RIO DE ESTADO DA FAZENDA,<\/strong> no uso de suas atribui\u00e7\u00f5es constitucionais e legais que lhe confere o Decreto n\u00ba 10.491, de 12 de novembro de 2021, publicado no Di\u00e1rio Oficial n\u00ba 13.165, de 17 de novembro de 2021; e<\/p>\n\n\n\n<p class=\"wp-block-paragraph\">CONSIDERANDO o art. 65, II, do Decreto n\u00ba 183, de 6 de outubro de 1975, que aprovou o Regimento Interno da Secretaria de Estado da Fazenda;<\/p>\n\n\n\n<p class=\"wp-block-paragraph\">CONSIDERANDO as disposi\u00e7\u00f5es contidas no art. 5\u00ba do Decreto Estadual n\u00ba 5.587, de 12 de agosto de 2010;<\/p>\n\n\n\n<p class=\"wp-block-paragraph\">CONSIDERANDO, ainda, a necessidade de estabelecer as metas da Secretaria de Estado da Fazenda &#8211; SEFAZ para o exerc\u00edcio de 2023, para efeitos de apura\u00e7\u00e3o e avalia\u00e7\u00e3o do resultado do exerc\u00edcio;<\/p>\n\n\n\n<p class=\"wp-block-paragraph\">CONSIDERANDO a COMUNICA\u00c7\u00c3O INTERNA N\u00ba 200\/2022\/SEFAZ &#8211; GSARE (SEI 5672334), exarada pela Secretaria Adjunta da Receita Estadual; e<\/p>\n\n\n\n<p class=\"wp-block-paragraph\">CONSIDERANDO o constante dos autos do processo n\u00ba 0715.012495.00126\/2022-14.<\/p>\n\n\n\n<p class=\"wp-block-paragraph\"><strong>RESOLVE:<\/strong><\/p>\n\n\n\n<p class=\"wp-block-paragraph\">Art. 1\u00ba &nbsp;Esta Portaria nomeia o Comit\u00ea para estabelecer as metas da Secretaria de Estado da Fazenda \u2013 SEFAZ para o exerc\u00edcio de 2023.<\/p>\n\n\n\n<p class=\"wp-block-paragraph\">Art. 2\u00ba &nbsp;O comit\u00ea ser\u00e1 composto pelos seguintes membros:<\/p>\n\n\n\n<p class=\"wp-block-paragraph\">I &#8211; Cl\u00f3vis Monteiro Gomes, Secret\u00e1rio Adjunto da Receita Estadual;<\/p>\n\n\n\n<p class=\"wp-block-paragraph\">II &#8211; Israel Monteiro de Souza, Diretor de Administra\u00e7\u00e3o Tribut\u00e1ria;<\/p>\n\n\n\n<p class=\"wp-block-paragraph\">III &#8211; Eduardo Alves Maia Neto, Diretor de Contabilidade Geral do Estado;<\/p>\n\n\n\n<p class=\"has-text-color wp-block-paragraph\" style=\"color:#f02b2b\">Nova Reda\u00e7\u00e3o dada ao Inciso IV, pela Portaria n\u00b0 533, de 4 de julho de 2023. Efeitos a partir de 5 de julho de 2023.<\/p>\n\n\n\n<p class=\"wp-block-paragraph\">IV &#8211; Elizi\u00e1rio Barbosa Campos Filho, Diretor do Tesouro Estadual;<\/p>\n\n\n\n<blockquote class=\"wp-block-quote has-text-color is-layout-flow wp-block-quote-is-layout-flow\" style=\"color:#08b418\">\n<p class=\"wp-block-paragraph\"><strong>Reda\u00e7\u00e3o anterior: <\/strong>efeitos at\u00e9 4 de julho de 2023.<\/p>\n\n\n\n<p class=\"wp-block-paragraph\">Nova Reda\u00e7\u00e3o dada ao Inciso IV, pela Portaria n\u00b0 48, de 16 de janeiro de 2023. Efeitos a partir de 19 de janeiro de 2023.<\/p>\n\n\n\n<p class=\"wp-block-paragraph\">IV &#8211; Maria Janete Maia Diniz, representante da Associa\u00e7\u00e3o dos Servidores Fazend\u00e1rios do Estado do Acre \u2013 ASFAC;<\/p>\n\n\n\n<p class=\"wp-block-paragraph\"><strong>Reda\u00e7\u00e3o anterior: <\/strong>efeitos at\u00e9 18 de janeiro de 2023.<\/p>\n\n\n\n<p class=\"wp-block-paragraph\">Nova Reda\u00e7\u00e3o dada ao Inciso IV, pela Portaria n\u00b0 12, de 9 de janeiro de 2023. Efeitos a partir de 12 de janeiro de 2023.<\/p>\n\n\n\n<p class=\"wp-block-paragraph\">IV &#8211; Elson Afonso Chaves D\u2019Avila, Diretor do Tesouro Estadual;<\/p>\n\n\n\n<p class=\"wp-block-paragraph\"><strong>Reda\u00e7\u00e3o original: <\/strong>efeitos at\u00e9 11 de janeiro de 2023.<\/p>\n\n\n\n<p class=\"wp-block-paragraph\">IV &#8211; Elizi\u00e1rio Barbosa Campos Filho, Diretor do Tesouro Estadual;<\/p>\n<\/blockquote>\n\n\n\n<p class=\"wp-block-paragraph\">V &#8211; Nicolas Aur\u00e9lio Pinto Barbosa Lima, representante do Sindicato do Fisco Estadual do Acre &#8211; SINDIFISCO\/AC;<\/p>\n\n\n\n<p class=\"has-text-color wp-block-paragraph\" style=\"color:#f02b2b\">Nova Reda\u00e7\u00e3o dada ao Inciso VI, pela Portaria n\u00b0 533, de 4 de julho de 2023. Efeitos a partir de 5 de julho de 2023.<\/p>\n\n\n\n<p class=\"wp-block-paragraph\">VI &#8211; Maria Janete Maia Diniz, representante da Associa\u00e7\u00e3o dos Servidores Fazend\u00e1rios do Estado do Acre &#8211; ASFAC.<\/p>\n\n\n\n<blockquote class=\"wp-block-quote has-text-color is-layout-flow wp-block-quote-is-layout-flow\" style=\"color:#08b418\">\n<p class=\"wp-block-paragraph\"><strong>Reda\u00e7\u00e3o original: <\/strong>efeitos at\u00e9 4 de julho de 2023.<\/p>\n\n\n\n<p class=\"wp-block-paragraph\">VI &#8211; Edilberto Pontes Hall, representante da Associa\u00e7\u00e3o dos Servidores Fazend\u00e1rios do Estado do Acre &#8211; ASFAC.<\/p>\n<\/blockquote>\n\n\n\n<p class=\"wp-block-paragraph\">\u00a7 1\u00ba &nbsp;A presid\u00eancia do Comit\u00ea caber\u00e1 ao membro a que se refere o inciso I deste artigo.<\/p>\n\n\n\n<p class=\"wp-block-paragraph\">\u00a7 2\u00ba &nbsp;Para a consecu\u00e7\u00e3o de seus trabalhos o Comit\u00ea poder\u00e1 convocar t\u00e9cnicos com conhecimentos especializados.<\/p>\n\n\n\n<p class=\"has-text-color wp-block-paragraph\" style=\"color:#f02b2b\">Acrescentado o \u00a7 3\u00ba, pela Portaria n\u00b0 533, de 4 de julho de 2023. Efeitos a partir de 5 de julho de 2023.<\/p>\n\n\n\n<p class=\"wp-block-paragraph\">\u00a7 3\u00ba &nbsp;O Comit\u00ea de que trata esta Portaria ser\u00e1 respons\u00e1vel pela apura\u00e7\u00e3o dos resultados da arrecada\u00e7\u00e3o do ICMS e verificar\u00e1 o cumprimento da meta estabelecida no <strong>caput<\/strong> e das submetas semestrais.<\/p>\n\n\n\n<p class=\"wp-block-paragraph\">Art. 3\u00ba &nbsp;As metas estabelecidas pelo Comit\u00ea servir\u00e3o de par\u00e2metro para atribui\u00e7\u00e3o do Pr\u00eamio Anual de Valoriza\u00e7\u00e3o da Atividade Fazend\u00e1ria &#8211; PAVAF.<\/p>\n\n\n\n<p class=\"wp-block-paragraph\">Art. 4\u00ba &nbsp;Esta Portaria entra em vigor na data de sua publica\u00e7\u00e3o. Rio Branco\/AC, 12 de dezembro de 2022.<\/p>\n","protected":false},"excerpt":{"rendered":"<p>Nomeia o Comit\u00ea para estabelecer as metas da Secretaria de Estado da Fazenda \u2013 SEFAZ para o exerc\u00edcio de 2023.<\/p>\n","protected":false},"author":5,"featured_media":0,"comment_status":"closed","ping_status":"closed","sticky":false,"template":"","format":"standard","meta":{"_acf_changed":false,"footnotes":""},"categories":[3,33],"tags":[73],"class_list":["post-17981","post","type-post","status-publish","format-standard","hentry","category-legislacao","category-portarias","tag-legislacao-institucional-e-funcional"],"acf":[],"_links":{"self":[{"href":"https:\/\/sefaz.ac.gov.br\/2021\/index.php?rest_route=\/wp\/v2\/posts\/17981","targetHints":{"allow":["GET"]}}],"collection":[{"href":"https:\/\/sefaz.ac.gov.br\/2021\/index.php?rest_route=\/wp\/v2\/posts"}],"about":[{"href":"https:\/\/sefaz.ac.gov.br\/2021\/index.php?rest_route=\/wp\/v2\/types\/post"}],"author":[{"embeddable":true,"href":"https:\/\/sefaz.ac.gov.br\/2021\/index.php?rest_route=\/wp\/v2\/users\/5"}],"replies":[{"embeddable":true,"href":"https:\/\/sefaz.ac.gov.br\/2021\/index.php?rest_route=%2Fwp%2Fv2%2Fcomments&post=17981"}],"version-history":[{"count":0,"href":"https:\/\/sefaz.ac.gov.br\/2021\/index.php?rest_route=\/wp\/v2\/posts\/17981\/revisions"}],"wp:attachment":[{"href":"https:\/\/sefaz.ac.gov.br\/2021\/index.php?rest_route=%2Fwp%2Fv2%2Fmedia&parent=17981"}],"wp:term":[{"taxonomy":"category","embeddable":true,"href":"https:\/\/sefaz.ac.gov.br\/2021\/index.php?rest_route=%2Fwp%2Fv2%2Fcategories&post=17981"},{"taxonomy":"post_tag","embeddable":true,"href":"https:\/\/sefaz.ac.gov.br\/2021\/index.php?rest_route=%2Fwp%2Fv2%2Ftags&post=17981"}],"curies":[{"name":"wp","href":"https:\/\/api.w.org\/{rel}","templated":true}]}}