{"id":17814,"date":"2023-06-28T12:12:26","date_gmt":"2023-06-28T15:12:26","guid":{"rendered":"http:\/\/sefaz.acre.gov.br:80\/2021\/?p=17814"},"modified":"2025-03-20T10:44:17","modified_gmt":"2025-03-20T13:44:17","slug":"portaria-sefaz-no-523-de-28-de-junho-de-2023","status":"publish","type":"post","link":"https:\/\/sefaz.ac.gov.br\/2021\/?p=17814","title":{"rendered":"PORTARIA SEFAZ N\u00ba 523, DE 28 DE JUNHO DE 2023"},"content":{"rendered":"\n<p class=\"wp-block-paragraph\"><strong>O SECRET\u00c1RIO DE ESTADO DA FAZENDA,<\/strong> no uso de suas atribui\u00e7\u00f5es constitucionais e legais que lhe confere o Decreto n\u00ba 4.059-P, de 05 de junho de 2023, publicado no Di\u00e1rio Oficial n\u00ba 13.550, de 07 de junho de 2023, e tendo em vista o disposto no art. 56-A da Lei Complementar n\u00ba 55, de 9 de julho de 1997 e no art. 69-A do Decreto 008, de 26 de janeiro de 1998;<\/p>\n\n\n\n<p class=\"wp-block-paragraph\">CONSIDERANDO ao Despacho n\u00ba 899\/2023\/SEFAZ &#8211; GSARE (SEI 7468024) exarado pela Secretaria Adjunta da Receita Estadual &#8211; SARE; e<\/p>\n\n\n\n<p class=\"wp-block-paragraph\">CONSIDERANDO o constante dos autos do processo n\u00ba 0715.012503.00033\/2023-25.<\/p>\n\n\n\n<p class=\"wp-block-paragraph\"><strong>RESOLVE:<\/strong><\/p>\n\n\n\n<p class=\"wp-block-paragraph\">Art. 1\u00ba &nbsp;Esta Portaria disp\u00f5e sobre a institui\u00e7\u00e3o, utiliza\u00e7\u00e3o e formaliza\u00e7\u00e3o dos procedimentos referentes ao servi\u00e7o de autorregulariza\u00e7\u00e3o fiscal.<\/p>\n\n\n\n<p class=\"wp-block-paragraph\">Art. 2\u00ba &nbsp;O servi\u00e7o de autorregulariza\u00e7\u00e3o fiscal ser\u00e1 disponibilizado atrav\u00e9s do endere\u00e7o eletr\u00f4nico http:\/\/www.regularize.sefaz.ac.gov.br\/.<\/p>\n\n\n\n<p class=\"wp-block-paragraph\">\u00a7 1\u00ba &nbsp;A utiliza\u00e7\u00e3o do servi\u00e7o de autorregulariza\u00e7\u00e3o ser\u00e1 feito com o mesmo login e senha utilizados para acessar o portal da Sefaz Online, em conformidade com o previsto na Portaria n\u00ba 542, de 23 de agosto de 2012.<\/p>\n\n\n\n<p class=\"wp-block-paragraph\">\u00a7 2\u00ba &nbsp;O servi\u00e7o de autorregulariza\u00e7\u00e3o consiste na apresenta\u00e7\u00e3o ao contribuinte de ind\u00edcios de inconsist\u00eancia detectados atrav\u00e9s do cruzamento dos dados das declara\u00e7\u00f5es prestadas com os documentos fiscais eletr\u00f4nicos armazenados no banco de dados da SEFAZ, quando do cumprimento das obriga\u00e7\u00f5es tribut\u00e1rias principal e acess\u00f3rias.<\/p>\n\n\n\n<p class=\"wp-block-paragraph\">\u00a7 3\u00ba &nbsp;O servi\u00e7o de autorregulariza\u00e7\u00e3o fiscal tem como objetivo estimular o cumprimento espont\u00e2neo das obriga\u00e7\u00f5es tribut\u00e1rias.<\/p>\n\n\n\n<p class=\"wp-block-paragraph\">\u00a7 4\u00ba &nbsp;Os procedimentos realizados na forma deste artigo n\u00e3o caracterizam o in\u00edcio do procedimento fiscal para fins de excluir a espontaneidade do contribuinte.<\/p>\n\n\n\n<p class=\"wp-block-paragraph\">Art. 3\u00ba &nbsp;Todos os contribuintes que detenham Inscri\u00e7\u00e3o Estadual no Cadastro de Contribuintes do Imposto sobre Opera\u00e7\u00f5es Relativas \u00e0 Circula\u00e7\u00e3o de Mercadorias e sobre Presta\u00e7\u00e3o de Servi\u00e7os de Transporte Interestadual e Intermunicipal e de Comunica\u00e7\u00e3o &#8211; ICMS poder\u00e3o ser inclu\u00eddos no Sistema de Autorregulariza\u00e7\u00e3o.<\/p>\n\n\n\n<p class=\"wp-block-paragraph\">\u00a7 1\u00ba &nbsp;O contribuinte inclu\u00eddo no Sistema de Autorregulariza\u00e7\u00e3o ter\u00e1 trinta dias, contados da inser\u00e7\u00e3o do aviso de ind\u00edcio de inconsist\u00eancia, para efetuar a corre\u00e7\u00e3o ou contesta\u00e7\u00e3o das inconsist\u00eancias apontadas.<\/p>\n\n\n\n<p class=\"wp-block-paragraph\">\u00a7 2\u00ba &nbsp;O aviso de que trata o \u00a7 1\u00ba do <strong>caput<\/strong> deste artigo e as informa\u00e7\u00f5es sobre as inconsist\u00eancias ser\u00e3o disponibilizadas ao contribuinte do ICMS na \u00e1rea restrita, discriminando o motivo de sua inclus\u00e3o e fornecendo as orienta\u00e7\u00f5es necess\u00e1rias para regulariza\u00e7\u00e3o da diverg\u00eancia detectada.<\/p>\n\n\n\n<p class=\"wp-block-paragraph\">Art. 4\u00ba &nbsp;A regulariza\u00e7\u00e3o espont\u00e2nea da inconsist\u00eancia apontada dentro do prazo estabelecido no art. 3\u00ba resultar\u00e1 na retirada autom\u00e1tica do contribuinte do Sistema de Autorregulariza\u00e7\u00e3o.<\/p>\n\n\n\n<p class=\"wp-block-paragraph\">\u00a7 1\u00ba &nbsp;O contribuinte que discordar das inconsist\u00eancias apontadas no Sistema de Autorregulariza\u00e7\u00e3o poder\u00e1 contestar, fazendo, desde logo, a apresenta\u00e7\u00e3o da documenta\u00e7\u00e3o comprobat\u00f3ria do alegado, dentro do prazo estabelecido no art. 3\u00ba.<\/p>\n\n\n\n<p class=\"wp-block-paragraph\">\u00a7 2\u00ba &nbsp;A contesta\u00e7\u00e3o e a resolu\u00e7\u00e3o das inconsist\u00eancias ser\u00e3o realizadas no pr\u00f3prio Sistema de Autorregulariza\u00e7\u00e3o.<\/p>\n\n\n\n<p class=\"wp-block-paragraph\">Art. 5\u00ba &nbsp;Esgotadas as tentativas de autorregulariza\u00e7\u00e3o, persistindo as diverg\u00eancias, ser\u00e1 instaurado pelo setor competente procedimento fiscal para fins de apura\u00e7\u00e3o de poss\u00edvel infra\u00e7\u00e3o \u00e0 legisla\u00e7\u00e3o tribut\u00e1ria ou lavrado auto de infra\u00e7\u00e3o por sistema de processamento eletr\u00f4nico.<\/p>\n\n\n\n<p class=\"wp-block-paragraph\">Art. 6\u00ba &nbsp;Fica aprovada, conforme Anexo \u00danico desta Portaria, a rela\u00e7\u00e3o de servi\u00e7os da autorregulariza\u00e7\u00e3o fiscal, com as seguintes informa\u00e7\u00f5es:<\/p>\n\n\n\n<p class=\"wp-block-paragraph\">I &#8211; C\u00f3digo da Autorregulariza\u00e7\u00e3o: o c\u00f3digo da pend\u00eancia cadastrado no sistema;<\/p>\n\n\n\n<p class=\"wp-block-paragraph\">II &#8211; Registro da EFD: o bloco ou registro da EFD que foi identificada a inconsist\u00eancia, se for o caso;<\/p>\n\n\n\n<p class=\"wp-block-paragraph\">III &#8211; Pend\u00eancia: a natureza da inconsist\u00eancia;<\/p>\n\n\n\n<p class=\"wp-block-paragraph\">IV &#8211; Fundamento legal: o fundamento legal da obriga\u00e7\u00e3o;<\/p>\n\n\n\n<p class=\"wp-block-paragraph\">V &#8211; Como resolver: a informa\u00e7\u00e3o de como resolver a inconsist\u00eancia detectada;<\/p>\n\n\n\n<p class=\"wp-block-paragraph\">VI &#8211; In\u00edcio de disponibiliza\u00e7\u00e3o no sistema: a data de in\u00edcio para o cumprimento da autorregulariza\u00e7\u00e3o; e<\/p>\n\n\n\n<p class=\"wp-block-paragraph\">VII &#8211; Data de encerramento: a data em que deixar\u00e1 de ser aplicada.<\/p>\n\n\n\n<p class=\"wp-block-paragraph\">Art. 7\u00ba &nbsp;Os casos omissos ser\u00e3o dirimidos pelo diretor de Administra\u00e7\u00e3o Tribut\u00e1ria, que poder\u00e1 editar atos complementares ao fiel cumprimento e aplica\u00e7\u00e3o desta Portaria.<\/p>\n\n\n\n<p class=\"wp-block-paragraph\">\u00a7 1\u00ba &nbsp;Cada tipo de pend\u00eancia observar\u00e1 a data de in\u00edcio de vig\u00eancia fixada no Anexo \u00danico desta Portaria para sua aplica\u00e7\u00e3o.<\/p>\n\n\n\n<p class=\"wp-block-paragraph\">\u00a7 2\u00ba &nbsp;Cabe a Administra\u00e7\u00e3o Tribut\u00e1ria selecionar os dados que ser\u00e3o utilizados para o cruzamento de dados.<\/p>\n\n\n\n<p class=\"wp-block-paragraph\">\u00a7 3\u00ba &nbsp;O servi\u00e7o de autorregulariza\u00e7\u00e3o fiscal, durante o exerc\u00edcio de 2023, funcionar\u00e1 como projeto piloto.<\/p>\n\n\n\n<p class=\"wp-block-paragraph\">\u00a7 4\u00ba &nbsp;Enquanto funcionar como projeto piloto fica dispensada a observ\u00e2ncia do prazo previsto no \u00a7 1\u00ba do <strong>caput<\/strong> do art. 3\u00ba.<\/p>\n\n\n\n<p class=\"wp-block-paragraph\">Art. 8\u00ba &nbsp;Esta Portaria entre em vigor na data de sua publica\u00e7\u00e3o.<\/p>\n\n\n\n<p class=\"wp-block-paragraph\">Rio Branco\/AC, 28 de junho de 2023.<\/p>\n","protected":false},"excerpt":{"rendered":"<p>Disp\u00f5e sobre a institui\u00e7\u00e3o, utiliza\u00e7\u00e3o e formaliza\u00e7\u00e3o dos procedimentos referentes ao servi\u00e7o de autorregulariza\u00e7\u00e3o fiscal.<\/p>\n","protected":false},"author":5,"featured_media":0,"comment_status":"closed","ping_status":"closed","sticky":false,"template":"","format":"standard","meta":{"_acf_changed":false,"footnotes":""},"categories":[3,33],"tags":[35],"class_list":["post-17814","post","type-post","status-publish","format-standard","hentry","category-legislacao","category-portarias","tag-icms"],"acf":[],"_links":{"self":[{"href":"https:\/\/sefaz.ac.gov.br\/2021\/index.php?rest_route=\/wp\/v2\/posts\/17814","targetHints":{"allow":["GET"]}}],"collection":[{"href":"https:\/\/sefaz.ac.gov.br\/2021\/index.php?rest_route=\/wp\/v2\/posts"}],"about":[{"href":"https:\/\/sefaz.ac.gov.br\/2021\/index.php?rest_route=\/wp\/v2\/types\/post"}],"author":[{"embeddable":true,"href":"https:\/\/sefaz.ac.gov.br\/2021\/index.php?rest_route=\/wp\/v2\/users\/5"}],"replies":[{"embeddable":true,"href":"https:\/\/sefaz.ac.gov.br\/2021\/index.php?rest_route=%2Fwp%2Fv2%2Fcomments&post=17814"}],"version-history":[{"count":4,"href":"https:\/\/sefaz.ac.gov.br\/2021\/index.php?rest_route=\/wp\/v2\/posts\/17814\/revisions"}],"predecessor-version":[{"id":21868,"href":"https:\/\/sefaz.ac.gov.br\/2021\/index.php?rest_route=\/wp\/v2\/posts\/17814\/revisions\/21868"}],"wp:attachment":[{"href":"https:\/\/sefaz.ac.gov.br\/2021\/index.php?rest_route=%2Fwp%2Fv2%2Fmedia&parent=17814"}],"wp:term":[{"taxonomy":"category","embeddable":true,"href":"https:\/\/sefaz.ac.gov.br\/2021\/index.php?rest_route=%2Fwp%2Fv2%2Fcategories&post=17814"},{"taxonomy":"post_tag","embeddable":true,"href":"https:\/\/sefaz.ac.gov.br\/2021\/index.php?rest_route=%2Fwp%2Fv2%2Ftags&post=17814"}],"curies":[{"name":"wp","href":"https:\/\/api.w.org\/{rel}","templated":true}]}}