{"id":17790,"date":"2022-03-03T10:46:05","date_gmt":"2022-03-03T13:46:05","guid":{"rendered":"http:\/\/sefaz.acre.gov.br:80\/2021\/?p=17790"},"modified":"2023-06-27T11:00:58","modified_gmt":"2023-06-27T14:00:58","slug":"portaria-no-094-de-3-de-marco-de-2022","status":"publish","type":"post","link":"https:\/\/sefaz.ac.gov.br\/2021\/?p=17790","title":{"rendered":"PORTARIA N\u00ba 094, DE 3 DE MAR\u00c7O DE 2022"},"content":{"rendered":"\n<p class=\"wp-block-paragraph\"><strong>O SECRET\u00c1RIO DE ESTADO DA FAZENDA,<\/strong> no uso de suas atribui\u00e7\u00f5es constitucionais e legais que lhe confere o Decreto n\u00ba 10.491, de 12 de novembro de 2021, publicado no Di\u00e1rio Oficial n\u00ba 13.165, de 17 de novembro de 2021; e<\/p>\n\n\n\n<p class=\"wp-block-paragraph\">Considerando o art. 65, II, do Decreto n\u00ba 183, de 6 de outubro de 1975, que aprovou o Regimento Interno da Secretaria de Estado da Fazenda;<\/p>\n\n\n\n<p class=\"wp-block-paragraph\">Considerando o art. 519, do Regulamento do ICMS do Estado do Acre, aprovado pelo Decreto n\u00ba 008, de 26 de janeiro de 1998;<\/p>\n\n\n\n<p class=\"wp-block-paragraph\">Considerando o Despacho n\u00ba 220\/2022\/SEFAZ &#8211; GSARE (SEI 3393820), exarada pela Secretaria Adjunta da Receita Estadual; e,<\/p>\n\n\n\n<p class=\"wp-block-paragraph\">Considerando o constante dos autos do processo n\u00ba 0715.012448.00051\/2022-19.<\/p>\n\n\n\n<p class=\"wp-block-paragraph\"><strong>RESOLVE:<\/strong><\/p>\n\n\n\n<p class=\"wp-block-paragraph\">Art. 1\u00ba &nbsp;O subitem 6. COURO DE GADO VACUM, do item II &#8211; SA\u00cdDAS, do Anexo \u00danico da Pauta de Pre\u00e7os estabelecida pela Portaria n\u00ba 333, de 11 de novembro de 2021, que fixa os valores m\u00ednimos da base de c\u00e1lculo do ICMS incidente sobre as opera\u00e7\u00f5es e presta\u00e7\u00f5es com mercadorias nela relacionadas, passa a vigorar com altera\u00e7\u00f5es e acr\u00e9scimos conforme Anexo \u00danico a esta Portaria.<\/p>\n\n\n\n<p class=\"wp-block-paragraph\">Art. 2\u00ba &nbsp;Esta Portaria entra em vigor na data da sua publica\u00e7\u00e3o.<\/p>\n\n\n\n<p class=\"wp-block-paragraph\">Rio Branco-AC, 03 de mar\u00e7o de 2022.<\/p>\n","protected":false},"excerpt":{"rendered":"<p>Altera osubitem 6. COURO DE GADO VACUM, do item II &#8211; SA\u00cdDAS, do Anexo \u00danico da Pauta de Pre\u00e7os estabelecida pela Portaria n\u00ba 333, de 11 de novembro de 2021, que fixa os valores m\u00ednimos da base de c\u00e1lculo do ICMS incidente sobre as opera\u00e7\u00f5es e presta\u00e7\u00f5es com mercadorias nela relacionadas.<\/p>\n","protected":false},"author":5,"featured_media":0,"comment_status":"closed","ping_status":"closed","sticky":false,"template":"","format":"standard","meta":{"_acf_changed":false,"footnotes":""},"categories":[3,33],"tags":[35],"class_list":["post-17790","post","type-post","status-publish","format-standard","hentry","category-legislacao","category-portarias","tag-icms"],"acf":[],"_links":{"self":[{"href":"https:\/\/sefaz.ac.gov.br\/2021\/index.php?rest_route=\/wp\/v2\/posts\/17790","targetHints":{"allow":["GET"]}}],"collection":[{"href":"https:\/\/sefaz.ac.gov.br\/2021\/index.php?rest_route=\/wp\/v2\/posts"}],"about":[{"href":"https:\/\/sefaz.ac.gov.br\/2021\/index.php?rest_route=\/wp\/v2\/types\/post"}],"author":[{"embeddable":true,"href":"https:\/\/sefaz.ac.gov.br\/2021\/index.php?rest_route=\/wp\/v2\/users\/5"}],"replies":[{"embeddable":true,"href":"https:\/\/sefaz.ac.gov.br\/2021\/index.php?rest_route=%2Fwp%2Fv2%2Fcomments&post=17790"}],"version-history":[{"count":0,"href":"https:\/\/sefaz.ac.gov.br\/2021\/index.php?rest_route=\/wp\/v2\/posts\/17790\/revisions"}],"wp:attachment":[{"href":"https:\/\/sefaz.ac.gov.br\/2021\/index.php?rest_route=%2Fwp%2Fv2%2Fmedia&parent=17790"}],"wp:term":[{"taxonomy":"category","embeddable":true,"href":"https:\/\/sefaz.ac.gov.br\/2021\/index.php?rest_route=%2Fwp%2Fv2%2Fcategories&post=17790"},{"taxonomy":"post_tag","embeddable":true,"href":"https:\/\/sefaz.ac.gov.br\/2021\/index.php?rest_route=%2Fwp%2Fv2%2Ftags&post=17790"}],"curies":[{"name":"wp","href":"https:\/\/api.w.org\/{rel}","templated":true}]}}