{"id":17778,"date":"2021-10-25T19:22:13","date_gmt":"2021-10-25T22:22:13","guid":{"rendered":"http:\/\/sefaz.acre.gov.br:80\/2021\/?p=17778"},"modified":"2023-06-26T19:24:06","modified_gmt":"2023-06-26T22:24:06","slug":"portaria-no-321-de-25-de-outubro-de-2021-revogada","status":"publish","type":"post","link":"https:\/\/sefaz.ac.gov.br\/2021\/?p=17778","title":{"rendered":"PORTARIA N\u00ba 321, DE 25 DE OUTUBRO DE 2021 (Revogada)"},"content":{"rendered":"\n<p class=\"wp-block-paragraph\"><strong>O SECRET\u00c1RIO ADJUNTO DO TESOURO ESTADUAL, <\/strong>no uso de suas atribui\u00e7\u00f5es constitucionais e legais que lhe confere o Decreto n\u00ba 7.293, de 16 de novembro de 2020, publicado no Di\u00e1rio Oficial n\u00ba 12.924, de 18 de novembro de 2020 e Decreto n\u00b0 6.816, de 16 de setembro de 2020, publicado no Di\u00e1rio Oficial n\u00b0 12.882, de 17 de setembro de 2020; e<\/p>\n\n\n\n<p class=\"wp-block-paragraph\">Considerando a necessidade de atualizar os valores m\u00ednimos que servir\u00e3o de base de c\u00e1lculo para cobran\u00e7a do ICMS nas opera\u00e7\u00f5es interestaduais;<\/p>\n\n\n\n<p class=\"wp-block-paragraph\">Considerando os pre\u00e7os m\u00e9dios dos produtos, obtidos conforme coleta no mercado interno;<\/p>\n\n\n\n<p class=\"wp-block-paragraph\"><strong>RESOLVE<\/strong>:<\/p>\n\n\n\n<p class=\"wp-block-paragraph\">Art. 1\u00ba&nbsp; Aprovar a Pauta de Pre\u00e7os, constante no Anexo \u00danico desta Portaria, que fixa os valores m\u00ednimos da base de c\u00e1lculo do ICMS incidente sobre as opera\u00e7\u00f5es e presta\u00e7\u00f5es com mercadorias nela relacionada.<\/p>\n\n\n\n<p class=\"wp-block-paragraph\">Art. 2\u00ba A comercializa\u00e7\u00e3o interna de produtos n\u00e3o relacionados na Pauta e aqueles efetivamente negociados por valor superior ao nela previsto ter\u00e3o como base de c\u00e1lculo, para incid\u00eancia do ICMS, o pre\u00e7o real da opera\u00e7\u00e3o constante no documento fiscal emitido pelo vendedor ou comprador que, por sua vez, dever\u00e1 ser, salvo os casos de diferimento, superior aos pre\u00e7os praticados nas opera\u00e7\u00f5es interestaduais.<\/p>\n\n\n\n<p class=\"wp-block-paragraph\">Art. 3\u00ba&nbsp; Por ocasi\u00e3o da entrada de mercadorias procedentes de outras unidades da Federa\u00e7\u00e3o, n\u00e3o est\u00e3o inclu\u00eddos, nos pre\u00e7os constantes na pauta, o valor agregado correspondente.<\/p>\n\n\n\n<p class=\"wp-block-paragraph\">Art. 4\u00ba&nbsp;&nbsp; Revoga-se a Portaria n\u00b0 407, de 8 de setembro de 2008.<\/p>\n\n\n\n<p class=\"wp-block-paragraph\">Art. 5\u00ba&nbsp; Esta Portaria entrar\u00e1 em vigor na data de sua publica\u00e7\u00e3o.<\/p>\n\n\n\n<p class=\"wp-block-paragraph\">Rio Branco-Acre, 25 de outubro de 2021.<\/p>\n","protected":false},"excerpt":{"rendered":"<p>Aprovar a Pauta de Pre\u00e7os, constante no Anexo \u00danico desta Portaria, que fixa os valores m\u00ednimos da base de c\u00e1lculo do ICMS incidente sobre as opera\u00e7\u00f5es e presta\u00e7\u00f5es com mercadorias nela relacionada.<\/p>\n","protected":false},"author":5,"featured_media":0,"comment_status":"closed","ping_status":"closed","sticky":false,"template":"","format":"standard","meta":{"_acf_changed":false,"footnotes":""},"categories":[3,33],"tags":[35],"class_list":["post-17778","post","type-post","status-publish","format-standard","hentry","category-legislacao","category-portarias","tag-icms"],"acf":[],"_links":{"self":[{"href":"https:\/\/sefaz.ac.gov.br\/2021\/index.php?rest_route=\/wp\/v2\/posts\/17778","targetHints":{"allow":["GET"]}}],"collection":[{"href":"https:\/\/sefaz.ac.gov.br\/2021\/index.php?rest_route=\/wp\/v2\/posts"}],"about":[{"href":"https:\/\/sefaz.ac.gov.br\/2021\/index.php?rest_route=\/wp\/v2\/types\/post"}],"author":[{"embeddable":true,"href":"https:\/\/sefaz.ac.gov.br\/2021\/index.php?rest_route=\/wp\/v2\/users\/5"}],"replies":[{"embeddable":true,"href":"https:\/\/sefaz.ac.gov.br\/2021\/index.php?rest_route=%2Fwp%2Fv2%2Fcomments&post=17778"}],"version-history":[{"count":0,"href":"https:\/\/sefaz.ac.gov.br\/2021\/index.php?rest_route=\/wp\/v2\/posts\/17778\/revisions"}],"wp:attachment":[{"href":"https:\/\/sefaz.ac.gov.br\/2021\/index.php?rest_route=%2Fwp%2Fv2%2Fmedia&parent=17778"}],"wp:term":[{"taxonomy":"category","embeddable":true,"href":"https:\/\/sefaz.ac.gov.br\/2021\/index.php?rest_route=%2Fwp%2Fv2%2Fcategories&post=17778"},{"taxonomy":"post_tag","embeddable":true,"href":"https:\/\/sefaz.ac.gov.br\/2021\/index.php?rest_route=%2Fwp%2Fv2%2Ftags&post=17778"}],"curies":[{"name":"wp","href":"https:\/\/api.w.org\/{rel}","templated":true}]}}