{"id":17757,"date":"2021-11-11T13:09:19","date_gmt":"2021-11-11T16:09:19","guid":{"rendered":"http:\/\/sefaz.acre.gov.br:80\/2021\/?p=17757"},"modified":"2026-02-06T16:14:48","modified_gmt":"2026-02-06T19:14:48","slug":"portaria-no-333-de-11-de-novembro-de-2021","status":"publish","type":"post","link":"https:\/\/sefaz.ac.gov.br\/2021\/?p=17757","title":{"rendered":"PORTARIA N\u00ba 333, DE 11 DE NOVEMBRO DE 2021"},"content":{"rendered":"\r\n<p class=\"wp-block-paragraph\"><strong>O SECRET\u00c1RIO DE ESTADO DA FAZENDA<\/strong>, no uso de suas atribui\u00e7\u00f5es constitucionais e legais que lhe confere o Decreto n\u00ba 6.511, de 05 de agosto de 2020, publicado no Di\u00e1rio Oficial n\u00ba 12.855, de 10 de agosto de 2020; e<\/p>\r\n\r\n\r\n\r\n<p class=\"wp-block-paragraph\">Considerando a necessidade de atualizar os valores m\u00ednimos que servir\u00e3o de base de c\u00e1lculo para cobran\u00e7a do ICMS nas opera\u00e7\u00f5es interestaduais;<\/p>\r\n\r\n\r\n\r\n<p class=\"wp-block-paragraph\">Considerando os pre\u00e7os m\u00e9dios dos produtos, obtidos conforme coleta no mercado interno;<\/p>\r\n\r\n\r\n\r\n<p class=\"wp-block-paragraph\"><strong>RESOLVE:<\/strong><\/p>\r\n\r\n\r\n\r\n<p class=\"wp-block-paragraph\">Art. 1\u00ba Aprovar a Pauta de Pre\u00e7os, constante no Anexo \u00danico desta Portaria, que fixa os valores m\u00ednimos da base de c\u00e1lculo do ICMS incidente sobre as opera\u00e7\u00f5es e presta\u00e7\u00f5es com mercadorias nela relacionada.<\/p>\r\n\r\n\r\n\r\n<p class=\"has-text-color has-link-color wp-elements-1 wp-block-paragraph\" style=\"color: #f02b2b;\">Par\u00e1grafo \u00fanico. <strong>REVOGADO<\/strong> (Portaria SEFAZ n\u00b0 433, de 31 de julho de 2025. Efeitos a partir de 4 de agosto de 2025).<\/p>\r\n\r\n\r\n\r\n<blockquote class=\"wp-block-quote has-text-color has-link-color wp-elements-2 is-layout-flow wp-block-quote-is-layout-flow\" style=\"color: #08b418;\">\r\n<p class=\"wp-block-paragraph\"><strong>Reda\u00e7\u00e3o<\/strong><strong> original: <\/strong>efeitos at\u00e9 3 de agosto de 2025.<\/p>\r\n\r\n\r\n\r\n<p class=\"wp-block-paragraph\">Acrescentado o Par\u00e1grafo \u00fanico pela Portaria n\u00b0 237, de 30 de abril de 2025. Efeitos a partir de 5 de maio de 2025.<\/p>\r\n\r\n\r\n\r\n<p class=\"wp-block-paragraph\">Par\u00e1grafo \u00fanico. Os valores m\u00ednimos previstos no subitem 2 do item II \u2013 SA\u00cdDAS, do Anexo \u00danico de que trata o <strong>caput<\/strong> deste artigo, ser\u00e3o revistos a cada 3 (tr\u00eas) meses ou quando as sa\u00eddas de bezerro e bezerra at\u00e9 doze meses somados totalizarem cento e cinquenta mil unidades, o que ocorrer primeiro, ou a qualquer momento a crit\u00e9rio da Administra\u00e7\u00e3o.<\/p>\r\n<\/blockquote>\r\n\r\n\r\n\r\n<p class=\"wp-block-paragraph\">Art. 2\u00ba A comercializa\u00e7\u00e3o interna de produtos n\u00e3o relacionados na Pauta e aqueles efetivamente negociados por valor superior ao nela previsto ter\u00e3o como base de c\u00e1lculo, para incid\u00eancia do ICMS, o pre\u00e7o real da opera\u00e7\u00e3o constante no documento fiscal emitido pelo vendedor ou comprador que, por sua vez, dever\u00e1 ser, salvo os casos de diferimento, superior aos pre\u00e7os praticados nas opera\u00e7\u00f5es interestaduais.<\/p>\r\n\r\n\r\n\r\n<p class=\"wp-block-paragraph\">Art. 3\u00ba Por ocasi\u00e3o da entrada de mercadorias procedentes de outras unidades da Federa\u00e7\u00e3o, n\u00e3o est\u00e3o inclu\u00eddos, nos pre\u00e7os constantes na pauta, o valor agregado correspondente.<\/p>\r\n\r\n\r\n\r\n<p class=\"has-text-color has-small-font-size wp-block-paragraph\" style=\"color: #f02b2b;\">Acrescentado o art. 3\u00b0-A, pela Portaria n\u00b0 684, de 23 de agosto de 2023. Efeitos a partir de 22 de agosto de 2023.<\/p>\r\n\r\n\r\n\r\n<p class=\"wp-block-paragraph\">Art. 3\u00ba-A\u00a0 Para o c\u00e1lculo do Imposto sobre Opera\u00e7\u00f5es Relativas \u00e0 Circula\u00e7\u00e3o de Mercadorias e sobre Presta\u00e7\u00f5es de Servi\u00e7os de Transporte Interestadual e Intermunicipal e de Comunica\u00e7\u00e3o &#8211; ICMS devido por substitui\u00e7\u00e3o tribut\u00e1ria nas opera\u00e7\u00f5es internas com \u00e1gua mineral ou pot\u00e1vel, o sujeito passivo por substitui\u00e7\u00e3o dever\u00e1 observar os pre\u00e7os m\u00e9dios de refer\u00eancias, expressos em reais por unidade, constantes do Anexo \u00danico desta Portaria.<\/p>\r\n\r\n\r\n\r\n<p class=\"wp-block-paragraph\">Art. 4\u00ba Revoga-se a Portaria n\u00ba 321, de 25 de outubro de 2021.<\/p>\r\n\r\n\r\n\r\n<p class=\"wp-block-paragraph\">Art. 5\u00ba Esta Portaria entrar\u00e1 em vigor na data de sua publica\u00e7\u00e3o. Rio Branco-Acre, 11 de novembro de 2021.<\/p>\r\n","protected":false},"excerpt":{"rendered":"<p>Aprova a Pauta de Pre\u00e7os, constante no Anexo \u00danico desta Portaria, que fixa os valores m\u00ednimos da base de c\u00e1lculo do ICMS.<\/p>\n","protected":false},"author":5,"featured_media":0,"comment_status":"closed","ping_status":"closed","sticky":false,"template":"","format":"standard","meta":{"_acf_changed":false,"footnotes":""},"categories":[3,33],"tags":[35],"class_list":["post-17757","post","type-post","status-publish","format-standard","hentry","category-legislacao","category-portarias","tag-icms"],"acf":[],"_links":{"self":[{"href":"https:\/\/sefaz.ac.gov.br\/2021\/index.php?rest_route=\/wp\/v2\/posts\/17757","targetHints":{"allow":["GET"]}}],"collection":[{"href":"https:\/\/sefaz.ac.gov.br\/2021\/index.php?rest_route=\/wp\/v2\/posts"}],"about":[{"href":"https:\/\/sefaz.ac.gov.br\/2021\/index.php?rest_route=\/wp\/v2\/types\/post"}],"author":[{"embeddable":true,"href":"https:\/\/sefaz.ac.gov.br\/2021\/index.php?rest_route=\/wp\/v2\/users\/5"}],"replies":[{"embeddable":true,"href":"https:\/\/sefaz.ac.gov.br\/2021\/index.php?rest_route=%2Fwp%2Fv2%2Fcomments&post=17757"}],"version-history":[{"count":24,"href":"https:\/\/sefaz.ac.gov.br\/2021\/index.php?rest_route=\/wp\/v2\/posts\/17757\/revisions"}],"predecessor-version":[{"id":23428,"href":"https:\/\/sefaz.ac.gov.br\/2021\/index.php?rest_route=\/wp\/v2\/posts\/17757\/revisions\/23428"}],"wp:attachment":[{"href":"https:\/\/sefaz.ac.gov.br\/2021\/index.php?rest_route=%2Fwp%2Fv2%2Fmedia&parent=17757"}],"wp:term":[{"taxonomy":"category","embeddable":true,"href":"https:\/\/sefaz.ac.gov.br\/2021\/index.php?rest_route=%2Fwp%2Fv2%2Fcategories&post=17757"},{"taxonomy":"post_tag","embeddable":true,"href":"https:\/\/sefaz.ac.gov.br\/2021\/index.php?rest_route=%2Fwp%2Fv2%2Ftags&post=17757"}],"curies":[{"name":"wp","href":"https:\/\/api.w.org\/{rel}","templated":true}]}}