{"id":17499,"date":"2020-08-17T14:45:11","date_gmt":"2020-08-17T17:45:11","guid":{"rendered":"http:\/\/sefaz.acre.gov.br:80\/2021\/?p=17499"},"modified":"2023-10-03T15:43:42","modified_gmt":"2023-10-03T18:43:42","slug":"portaria-no-205-de-17-de-agosto-de-2020-2","status":"publish","type":"post","link":"https:\/\/sefaz.ac.gov.br\/2021\/?p=17499","title":{"rendered":"PORTARIA N\u00ba 205, DE 17 DE AGOSTO DE 2020"},"content":{"rendered":"\n<p class=\"wp-block-paragraph\"><strong>O SECRET\u00c1RIO DE ESTADO DA FAZENDA<\/strong>, no uso de suas atribui\u00e7\u00f5es constitucionais e legais, que lhe confere o Decreto n\u00ba 6.511, de 5 de agosto de 2020, publicado no Di\u00e1rio Oficial n\u00ba 12.855, de 10 de agosto de 2020; e<\/p>\n\n\n\n<p class=\"wp-block-paragraph\">Considerando o art. 65, II, do Regimento Interno da Secretaria de Estado da Fazenda, aprovado pelo Decreto n\u00ba 183, de 6 de outubro de 1975;<\/p>\n\n\n\n<p class=\"wp-block-paragraph\"><strong>R E S O L V E:<\/strong><\/p>\n\n\n\n<p class=\"has-text-color wp-block-paragraph\" style=\"color:#f02b2b\">Nova reda\u00e7\u00e3o dada ao art. 1\u00ba pela Portaria n\u00ba 280, de 22 de outubro de 2020. Efeitos a partir de 23 de outubro de 2020.<\/p>\n\n\n\n<p class=\"wp-block-paragraph\">Art. 1\u00ba Ser\u00e1 autorizada a emiss\u00e3o da Nota Fiscal Avulsa Eletr\u00f4nica (NFA-e), nas Ag\u00eancias da Secretaria de Estado da Fazenda, excepcionalmente, na opera\u00e7\u00e3o de circula\u00e7\u00e3o de mercadoria ou bem promovida por Unidade Familiar de Produ\u00e7\u00e3o Rural ou por Associa\u00e7\u00f5es de da Agricultura Familiar organizadas em pessoas jur\u00eddicas desde que participem do Programa de Aquisi\u00e7\u00e3o de Alimentos (PAA), ou do Programa Nacional de Alimenta\u00e7\u00e3o Escolar (PNAE) ou do Programa de Desenvolvimento Sustent\u00e1vel do Acre (PDSA II).<\/p>\n\n\n\n<p class=\"wp-block-paragraph\">Par\u00e1grafo \u00danico. Para a emiss\u00e3o da NFA-e ser\u00e1 obrigat\u00f3ria a apresenta\u00e7\u00e3o da Declara\u00e7\u00e3o de Aptid\u00e3o ao Pronaf &#8211; DAP, na situa\u00e7\u00e3o ativa, emitida nos \u00faltimos 60 (sessenta dias), nos modelos de Unidades Familiares de Produ\u00e7\u00e3o Rural, identificadas consoante ociso I do art. 4\u00ba da Portaria n\u00ba 1, de 13 de abril de 2017, da Secretaria Especial de Agricultura Familiar ou da DAP jur\u00eddica, na situa\u00e7\u00e3o ativa, identificada consoante o disposto na<br>letra \u201ca\u201d, inciso II, do art. 4\u00ba da Portaria n\u00ba 1\/2017, da Secretaria Especial de Agricultura Familiar.<\/p>\n\n\n\n<blockquote class=\"wp-block-quote has-text-color is-layout-flow wp-block-quote-is-layout-flow\" style=\"color:#08b418\">\n<p class=\"wp-block-paragraph\"><strong>Reda\u00e7\u00e3o original:<\/strong> efeitos at\u00e9 16 de abril de 2020. <\/p>\n\n\n\n<p class=\"wp-block-paragraph\">b) do Registro 1400, os dados do rateio de que trata o \u00a7 6\u00ba do art. 2\u00ba, no caso de empresas prestadoras servi\u00e7o de transporte intermunicipal de pessoas e de servi\u00e7o de comunica\u00e7\u00e3o ou telecomunica\u00e7\u00e3o;<\/p>\n\n\n\n<p class=\"wp-block-paragraph\">Art. 1\u00ba Ser\u00e1 autorizada a emiss\u00e3o da Nota Fiscal Avulsa Eletr\u00f4nica (NFA-e), nas Ag\u00eancias da Secretaria de Estado da Fazenda, excepcionalmente, na opera\u00e7\u00e3o de circula\u00e7\u00e3o de mercadoria ou bem promovida por Unidade Familiar de Produ\u00e7\u00e3o Rural que participe do Programa de Aquisi\u00e7\u00e3o de Alimentos (PAA) e\/ou do Programa Nacional de Alimenta\u00e7\u00e3o Escolar (PNAE).<\/p>\n\n\n\n<p class=\"wp-block-paragraph\">Par\u00e1grafo \u00fanico. Para a emiss\u00e3o da NFA-e ser\u00e1 obrigat\u00f3ria a apresenta\u00e7\u00e3o da Declara\u00e7\u00e3o de Aptid\u00e3o ao Pronaf (DAP), na situa\u00e7\u00e3o DAP ativa, emitida nos \u00faltimos 60 (sessenta) dias, e apenas nas modalidades pertencentes \u00e0 Unidade Familiar de Produ\u00e7\u00e3o Rural, consoante disposto na Portaria n\u00ba1, de 13 de abril de 2017, da Secretaria Especial de Agricultura Familiar.<\/p>\n<\/blockquote>\n\n\n\n<p class=\"has-text-color wp-block-paragraph\" style=\"color:#f02b2b\">Acrescentado o art. 1\u00ba-A, pela Portaria n\u00ba 405, de 8 de dezembro de 2021. Efeitos a partir de 9 de dezembro de 2021.<\/p>\n\n\n\n<p class=\"wp-block-paragraph\">Art. 1\u00ba-A Fica autorizada a emiss\u00e3o da Nota Fiscal Avulsa Eletr\u00f4nica (NFA-e) em substitui\u00e7\u00e3o \u00e0 emiss\u00e3o de NF-e pelo pr\u00f3prio contribuinte detentor de inscri\u00e7\u00e3o estadual, por esp\u00f3lio de pessoa f\u00edsica, enquadrada como produtor rural, representada por seu inventariante, at\u00e9 a data de encerramento do invent\u00e1rio. <\/p>\n\n\n\n<p class=\"wp-block-paragraph\">\u00a7 1\u00ba A emiss\u00e3o da NFA-e na forma do caput deve\u00b4ra ser precedida de altera\u00e7\u00e3o do cadastro do produtor rural para acr\u00e9scimo da express\u00e3o \u201cesp\u00f3lio de\u201d antes da identifica\u00e7\u00e3o do contribuinte e do cadastramento do contribuinte e do cadastramento do inventariante na qualidade de respons\u00e1vel legal.<\/p>\n\n\n\n<p class=\"wp-block-paragraph\">\u00a7 2\u00ba A NFA-e emitida na forma do caput dever\u00e1, al\u00e9m de conter a express\u00e3o \u201cesp\u00f3lio de\u201d antes do nome do contribuinte, consignar no campo destinado \u00e0s informa\u00e7\u00f5es adicionais o nome do inventariante e o n\u00famero do processo de invent\u00e1rio.<\/p>\n\n\n\n<p class=\"wp-block-paragraph\">Art. 2\u00ba Ficam convalidados os atos praticados a partir de 1\u00b0 de junho de 2020 que estejam em conformidade com as disposi\u00e7\u00f5es desta Portaria.<\/p>\n\n\n\n<p class=\"wp-block-paragraph\">Art. 3\u00ba Esta Portaria entra em vigor na data de sua publica\u00e7\u00e3o.<\/p>\n\n\n\n<p class=\"wp-block-paragraph\">Rio Branco &#8211; Acre, 17 de agosto de 2020.<\/p>\n","protected":false},"excerpt":{"rendered":"<p>Autoriza, excepcionalmente, a emiss\u00e3o da Nota Fiscal Avulsa Eletr\u00f4nica (NFA-e) nos casos em que especifica.<\/p>\n","protected":false},"author":5,"featured_media":0,"comment_status":"closed","ping_status":"closed","sticky":false,"template":"","format":"standard","meta":{"_acf_changed":false,"footnotes":""},"categories":[3,33],"tags":[35],"class_list":["post-17499","post","type-post","status-publish","format-standard","hentry","category-legislacao","category-portarias","tag-icms"],"acf":[],"_links":{"self":[{"href":"https:\/\/sefaz.ac.gov.br\/2021\/index.php?rest_route=\/wp\/v2\/posts\/17499","targetHints":{"allow":["GET"]}}],"collection":[{"href":"https:\/\/sefaz.ac.gov.br\/2021\/index.php?rest_route=\/wp\/v2\/posts"}],"about":[{"href":"https:\/\/sefaz.ac.gov.br\/2021\/index.php?rest_route=\/wp\/v2\/types\/post"}],"author":[{"embeddable":true,"href":"https:\/\/sefaz.ac.gov.br\/2021\/index.php?rest_route=\/wp\/v2\/users\/5"}],"replies":[{"embeddable":true,"href":"https:\/\/sefaz.ac.gov.br\/2021\/index.php?rest_route=%2Fwp%2Fv2%2Fcomments&post=17499"}],"version-history":[{"count":0,"href":"https:\/\/sefaz.ac.gov.br\/2021\/index.php?rest_route=\/wp\/v2\/posts\/17499\/revisions"}],"wp:attachment":[{"href":"https:\/\/sefaz.ac.gov.br\/2021\/index.php?rest_route=%2Fwp%2Fv2%2Fmedia&parent=17499"}],"wp:term":[{"taxonomy":"category","embeddable":true,"href":"https:\/\/sefaz.ac.gov.br\/2021\/index.php?rest_route=%2Fwp%2Fv2%2Fcategories&post=17499"},{"taxonomy":"post_tag","embeddable":true,"href":"https:\/\/sefaz.ac.gov.br\/2021\/index.php?rest_route=%2Fwp%2Fv2%2Ftags&post=17499"}],"curies":[{"name":"wp","href":"https:\/\/api.w.org\/{rel}","templated":true}]}}