{"id":17447,"date":"2021-10-26T09:29:59","date_gmt":"2021-10-26T12:29:59","guid":{"rendered":"http:\/\/sefaz.acre.gov.br:80\/2021\/?p=17447"},"modified":"2023-05-24T10:05:37","modified_gmt":"2023-05-24T13:05:37","slug":"instrucao-normativa-diat-no-1-de-26-de-outubro-de-2021","status":"publish","type":"post","link":"https:\/\/sefaz.ac.gov.br\/2021\/?p=17447","title":{"rendered":"INSTRU\u00c7\u00c3O NORMATIVA DIAT N\u00ba 1, DE 26 DE OUTUBRO DE 2021"},"content":{"rendered":"\n<p class=\"wp-block-paragraph\"><strong>O DIRETOR DE ADMINISTRA\u00c7\u00c3O TRIBUT\u00c1RIA<\/strong>, no uso da atribui\u00e7\u00e3o que lhe confere o art. 25, III, do Regimento Interno da Secretaria de Estado da Fazenda, aprovado pelo Decreto n.\u00ba 183, de 6 de outubro de 1975, e<\/p>\n\n\n\n<p class=\"wp-block-paragraph\">Considerando o disposto na Tabela I do Anexo I do RICMS, aprovado pelo Decreto 008, de 26 de janeiro de 1998;<strong><\/strong><\/p>\n\n\n\n<p class=\"wp-block-paragraph\">Considerando a necessidade de especifica\u00e7\u00e3o dos percentuais de carga tribut\u00e1ria para c\u00e1lculo do ICMS na entrada do Estado do Acre de mercadorias adquiridas em outras Unidades da Federa\u00e7\u00e3o,<strong><\/strong><\/p>\n\n\n\n<p class=\"wp-block-paragraph\">Considerando os artigos 96, 96-B e 97, e a Tabela I do Anexo I do RICMS, aprovado pelo Decreto 008, de 26 de janeiro de 1998,<strong><\/strong><\/p>\n\n\n\n<p class=\"wp-block-paragraph\">Considerando o Conv\u00eanio ICMS 142\/2018, que disp\u00f5e sobre os regimes de substitui\u00e7\u00e3o tribut\u00e1ria e de antecipa\u00e7\u00e3o de recolhimento do Imposto sobre Opera\u00e7\u00f5es relativas \u00e0 Circula\u00e7\u00e3o de Mercadorias e sobre Presta\u00e7\u00f5es de Servi\u00e7o de Transporte Interestadual e de Comunica\u00e7\u00e3o (ICMS) com encerramento de tributa\u00e7\u00e3o, relativos ao imposto devido pelas opera\u00e7\u00f5es subsequentes,<\/p>\n\n\n\n<p class=\"wp-block-paragraph\">Considerando, ainda o disposto no Decreto n\u00ba 9.147, de 9 de junho de 2021, que disp\u00f5e sobre a aplica\u00e7\u00e3o da Margem de Valor Agregado-MVA e Margem de Valor Agregado Ajustada &nbsp;para os Segmentos que especifica;<\/p>\n\n\n\n<p class=\"wp-block-paragraph\"><strong>RESOLVE:<\/strong><\/p>\n\n\n\n<p class=\"wp-block-paragraph\">&nbsp;Art. 1\u00ba Esta Instru\u00e7\u00e3o Normativa disciplina o c\u00e1lculo do ICMS a recolher nas entradas interestaduais de mercadorias provenientes de outros Estados ou do Distrito Federal, nas opera\u00e7\u00f5es sujeitas ou n\u00e3o ao encerramento da tributa\u00e7\u00e3o, e nas aquisi\u00e7\u00f5es em licita\u00e7\u00f5es p\u00fablicas.<\/p>\n\n\n\n<p class=\"wp-block-paragraph\">Art. 2\u00ba No c\u00e1lculo do ICMS a recolher por ocasi\u00e3o da entrada de mercadorias provenientes de outras unidades da Federa\u00e7\u00e3o dever\u00e3o ser utilizados os percentuais de carga tribut\u00e1ria especificados nos Anexos I a X desta Instru\u00e7\u00e3o Normativa.<\/p>\n\n\n\n<p class=\"wp-block-paragraph\">Par\u00e1grafo \u00fanico. &nbsp;Nas aquisi\u00e7\u00f5es em licita\u00e7\u00f5es p\u00fablicas, o ICMS a ser recolhido, quando cab\u00edvel, dever\u00e1 ser calculado de acordo com o Anexo VIII desta Instru\u00e7\u00e3o Normativa.<\/p>\n\n\n\n<p class=\"wp-block-paragraph\">Art. 3\u00ba &nbsp;No c\u00e1lculo do ICMS a recolher por ocasi\u00e3o da entrada de mercadorias inclu\u00eddas na substitui\u00e7\u00e3o tribut\u00e1ria ou na antecipa\u00e7\u00e3o com encerramento de tributa\u00e7\u00e3o quando destinadas a contribuintes optantes pelo Simples Nacional dever\u00e3o ser utilizados os percentuais de carga tribut\u00e1ria especificados no Anexo X desta Instru\u00e7\u00e3o Normativa, observadas as disposi\u00e7\u00f5es do Conv\u00eanio ICMS n\u00ba 142\/2018.<\/p>\n\n\n\n<p class=\"wp-block-paragraph\">Art. 4\u00ba &nbsp;Prevalecem sobre as regras de c\u00e1lculo definidas nesta Instru\u00e7\u00e3o Normativa supervenientes altera\u00e7\u00f5es na legisla\u00e7\u00e3o tribut\u00e1ria que modifiquem quaisquer elementos relacionados \u00e0 al\u00edquota da opera\u00e7\u00e3o, \u00e0 base de c\u00e1lculo, \u00e0 margem de valor agregado ou o percentual de antecipa\u00e7\u00e3o tribut\u00e1ria.<\/p>\n\n\n\n<p class=\"wp-block-paragraph\">Art. 5\u00ba &nbsp;Fica revogada a Instru\u00e7\u00e3o Normativa n\u00ba 1, de 3 de junho de 2020.&nbsp;&nbsp;<\/p>\n\n\n\n<p class=\"wp-block-paragraph\">Art. 6\u00ba\u00a0 Esta Instru\u00e7\u00e3o Normativa entra em vigor na data de sua publica\u00e7\u00e3o. <\/p>\n\n\n\n<p class=\"wp-block-paragraph\">Rio Branco-Acre, 26 \u00a0de outubro de 2021.<\/p>\n","protected":false},"excerpt":{"rendered":"<p>Disp\u00f5e sobre a simplifica\u00e7\u00e3o do c\u00e1lculo do ICMS a recolher nas entradas interestaduais de mercadorias provenientes de outros Estados ou do Distrito Federal, nas opera\u00e7\u00f5es sujeitas ou n\u00e3o ao encerramento da tributa\u00e7\u00e3o, e nas aquisi\u00e7\u00f5es em licita\u00e7\u00f5es p\u00fablicas.<\/p>\n","protected":false},"author":5,"featured_media":0,"comment_status":"closed","ping_status":"closed","sticky":false,"template":"","format":"standard","meta":{"_acf_changed":false,"footnotes":""},"categories":[34,3],"tags":[35],"class_list":["post-17447","post","type-post","status-publish","format-standard","hentry","category-instrucoes-normativas","category-legislacao","tag-icms"],"acf":[],"_links":{"self":[{"href":"https:\/\/sefaz.ac.gov.br\/2021\/index.php?rest_route=\/wp\/v2\/posts\/17447","targetHints":{"allow":["GET"]}}],"collection":[{"href":"https:\/\/sefaz.ac.gov.br\/2021\/index.php?rest_route=\/wp\/v2\/posts"}],"about":[{"href":"https:\/\/sefaz.ac.gov.br\/2021\/index.php?rest_route=\/wp\/v2\/types\/post"}],"author":[{"embeddable":true,"href":"https:\/\/sefaz.ac.gov.br\/2021\/index.php?rest_route=\/wp\/v2\/users\/5"}],"replies":[{"embeddable":true,"href":"https:\/\/sefaz.ac.gov.br\/2021\/index.php?rest_route=%2Fwp%2Fv2%2Fcomments&post=17447"}],"version-history":[{"count":0,"href":"https:\/\/sefaz.ac.gov.br\/2021\/index.php?rest_route=\/wp\/v2\/posts\/17447\/revisions"}],"wp:attachment":[{"href":"https:\/\/sefaz.ac.gov.br\/2021\/index.php?rest_route=%2Fwp%2Fv2%2Fmedia&parent=17447"}],"wp:term":[{"taxonomy":"category","embeddable":true,"href":"https:\/\/sefaz.ac.gov.br\/2021\/index.php?rest_route=%2Fwp%2Fv2%2Fcategories&post=17447"},{"taxonomy":"post_tag","embeddable":true,"href":"https:\/\/sefaz.ac.gov.br\/2021\/index.php?rest_route=%2Fwp%2Fv2%2Ftags&post=17447"}],"curies":[{"name":"wp","href":"https:\/\/api.w.org\/{rel}","templated":true}]}}