{"id":17441,"date":"2022-12-30T09:23:23","date_gmt":"2022-12-30T12:23:23","guid":{"rendered":"http:\/\/sefaz.acre.gov.br:80\/2021\/?p=17441"},"modified":"2023-06-05T11:25:23","modified_gmt":"2023-06-05T14:25:23","slug":"instrucao-normativa-diat-no-1-de-30-de-dezembro-de-2022","status":"publish","type":"post","link":"https:\/\/sefaz.ac.gov.br\/2021\/?p=17441","title":{"rendered":"INSTRU\u00c7\u00c3O NORMATIVA DIAT N\u00ba 1, DE 30 DE DEZEMBRO DE 2022"},"content":{"rendered":"\n<p class=\"wp-block-paragraph\"><strong>O O DIRETOR DE ADMINISTRA\u00c7\u00c3O TRIBUT\u00c1RIA<\/strong>, no uso da atribui\u00e7\u00e3o que lhe confere o art. 25, III do Regimento Interno da Secretaria de Estado da Fazenda, aprovado pelo Decreto n.\u00ba 183, de 6 de outubro de 1975,<\/p>\n\n\n\n<p class=\"wp-block-paragraph\">Considerando o disposto na Tabela I do Anexo I do RICMS, aprovado pelo Decreto 008, de 26 de janeiro de 1998;<\/p>\n\n\n\n<p class=\"wp-block-paragraph\">Considerando o disposto no Decreto n\u00ba 6.160, de 16 de junho de 2020, que disp\u00f5e sobre a aplica\u00e7\u00e3o da Margem de Valor Agregado para os Segmentos que especifica;<\/p>\n\n\n\n<p class=\"wp-block-paragraph\"><strong>RESOLVE:<\/strong><\/p>\n\n\n\n<p class=\"wp-block-paragraph\">Art. 1\u00ba&nbsp; O item 111.0 do segmento 17 do Anexo I da Instru\u00e7\u00e3o Normativa DIAT n\u00ba 01\/2021, passa a vigorar acrescido de nota, conforme reda\u00e7\u00e3o do Anexo \u00danico desta Instru\u00e7\u00e3o Normativa.<\/p>\n\n\n\n<p class=\"wp-block-paragraph\">Art. 2\u00ba Esta Instru\u00e7\u00e3o Normativa entra em vigor na data de sua publica\u00e7\u00e3o.<\/p>\n\n\n\n<p class=\"wp-block-paragraph\">Rio Branco-Acre, 30 de dezembro de 2022.<\/p>\n","protected":false},"excerpt":{"rendered":"<p>Altera o Anexo I da Instru\u00e7\u00e3o Normativa DIAT n\u00ba 01, de 26 de outubro de 2021, que disp\u00f5e sobre a simplifica\u00e7\u00e3o do c\u00e1lculo do ICMS a recolher nas entradas interestaduais de mercadorias provenientes de outros Estados ou do Distrito Federal, nas opera\u00e7\u00f5es sujeitas ou n\u00e3o ao encerramento da tributa\u00e7\u00e3o, e nas aquisi\u00e7\u00f5es em licita\u00e7\u00f5es p\u00fablicas.<\/p>\n","protected":false},"author":5,"featured_media":0,"comment_status":"closed","ping_status":"closed","sticky":false,"template":"","format":"standard","meta":{"_acf_changed":false,"footnotes":""},"categories":[34,3],"tags":[35],"class_list":["post-17441","post","type-post","status-publish","format-standard","hentry","category-instrucoes-normativas","category-legislacao","tag-icms"],"acf":[],"_links":{"self":[{"href":"https:\/\/sefaz.ac.gov.br\/2021\/index.php?rest_route=\/wp\/v2\/posts\/17441","targetHints":{"allow":["GET"]}}],"collection":[{"href":"https:\/\/sefaz.ac.gov.br\/2021\/index.php?rest_route=\/wp\/v2\/posts"}],"about":[{"href":"https:\/\/sefaz.ac.gov.br\/2021\/index.php?rest_route=\/wp\/v2\/types\/post"}],"author":[{"embeddable":true,"href":"https:\/\/sefaz.ac.gov.br\/2021\/index.php?rest_route=\/wp\/v2\/users\/5"}],"replies":[{"embeddable":true,"href":"https:\/\/sefaz.ac.gov.br\/2021\/index.php?rest_route=%2Fwp%2Fv2%2Fcomments&post=17441"}],"version-history":[{"count":0,"href":"https:\/\/sefaz.ac.gov.br\/2021\/index.php?rest_route=\/wp\/v2\/posts\/17441\/revisions"}],"wp:attachment":[{"href":"https:\/\/sefaz.ac.gov.br\/2021\/index.php?rest_route=%2Fwp%2Fv2%2Fmedia&parent=17441"}],"wp:term":[{"taxonomy":"category","embeddable":true,"href":"https:\/\/sefaz.ac.gov.br\/2021\/index.php?rest_route=%2Fwp%2Fv2%2Fcategories&post=17441"},{"taxonomy":"post_tag","embeddable":true,"href":"https:\/\/sefaz.ac.gov.br\/2021\/index.php?rest_route=%2Fwp%2Fv2%2Ftags&post=17441"}],"curies":[{"name":"wp","href":"https:\/\/api.w.org\/{rel}","templated":true}]}}