{"id":17381,"date":"2019-10-09T11:38:18","date_gmt":"2019-10-09T14:38:18","guid":{"rendered":"http:\/\/sefaz.acre.gov.br:80\/2021\/?p=17381"},"modified":"2025-11-11T11:49:24","modified_gmt":"2025-11-11T14:49:24","slug":"portaria-no-663-de-09-de-outubro-de-2019","status":"publish","type":"post","link":"https:\/\/sefaz.ac.gov.br\/2021\/?p=17381","title":{"rendered":"PORTARIA N\u00ba 663, DE 09 DE OUTUBRO DE 2019"},"content":{"rendered":"\n<p class=\"wp-block-paragraph\"><strong>A SECRET\u00c1RIA DE ESTADO DA FAZENDA<\/strong>, no uso de suas atribui\u00e7\u00f5es legais, bem como nos termos do Decreto n\u00ba 004, publicado no Di\u00e1rio Oficial n\u00ba 12.462-A, de 02 de janeiro de 2019; e <\/p>\n\n\n\n<p class=\"wp-block-paragraph\"><strong>CONSIDERANDO <\/strong>o art. 65, inciso II, do Decreto n\u00ba 183, de 6 de outubro de 1975, que aprovou o Regimento Interno da Secretaria de Estado da Fazenda; <\/p>\n\n\n\n<p class=\"wp-block-paragraph\"><strong>CONSIDERANDO <\/strong>o art. 5\u00ba da Portaria n\u00ba 662\/2019, que disp\u00f5e que os membros da UCP ser\u00e3o nomeados por ato do(a) Secret\u00e1rio(a) de Estado da Fazenda.<\/p>\n\n\n\n<p class=\"wp-block-paragraph\"><strong>R E S O L V E:<\/strong><\/p>\n\n\n\n<p class=\"wp-block-paragraph\">Art. 1\u00ba DESIGNAR, com base no disposto no art. 5\u00ba da Portaria n\u00ba 662\/2019, os seguintes membros para compor a Unidade de Coordena\u00e7\u00e3o de Programas (UCP) do Projeto de Moderniza\u00e7\u00e3o da Gest\u00e3o Fiscal do Estado do Acre (PROFISCO\/AC II), subordinado \u00e0 Secretaria de Estado da Fazenda: <\/p>\n\n\n\n<p class=\"wp-block-paragraph\">I \u2013 Adriano Magalh\u00e3es da Silva, Auditor da Receita Estadual, Matr\u00edcula n\u00ba 9137025-5, como Coordenador-Geral da UCP;<\/p>\n\n\n\n<p class=\"has-text-color wp-block-paragraph\" style=\"color:#f02b2b\">Nova reda\u00e7\u00e3o dada ao inciso II pela Portaria n\u00ba 085, de 23 de fevereiro de 2022. Efeitos a partir de 24 de fevereiro de 2022.<\/p>\n\n\n\n<p class=\"wp-block-paragraph\">II \u2013 Gerliano Mouzinho Nunes, Gestor de Pol\u00edticas P\u00fablicas, Matr\u00edcula n\u00ba 9129421-2, como Coordenador Administrativo Financeiro.<\/p>\n\n\n\n<blockquote class=\"wp-block-quote is-layout-flow wp-block-quote-is-layout-flow\">\n<p class=\"has-text-color wp-block-paragraph\" style=\"color:#08b418\"><strong>Reda\u00e7\u00e3o anterior:<\/strong> efeitos at\u00e9 23 de fevereiro de 2022.<\/p>\n\n\n\n<p class=\"has-text-color wp-block-paragraph\" style=\"color:#08b418\">Nova reda\u00e7\u00e3o dada ao inciso II pela Portaria n\u00ba 002, de 15 de janeiro de 2020. Efeitos a partir de 9 de janeiro de 2020.<\/p>\n\n\n\n<p class=\"has-text-color wp-block-paragraph\" style=\"color:#08b418\">II &#8211; Josias Francalino da Rocha, Auditor da Receita Estadual, Matr\u00edcula n\u00ba 9124799-2, como Coordenador Administrativo Financeiro; <\/p>\n\n\n\n<p class=\"has-text-color wp-block-paragraph\" style=\"color:#08b418\"><strong>Reda\u00e7\u00e3o original:<\/strong> efeitos at\u00e9 14 de janeiro de 2020.<\/p>\n\n\n\n<p class=\"has-text-color wp-block-paragraph\" style=\"color:#08b418\">II \u2013 Andr\u00e9 Luiz Caruta Pinho, Auditor da Receita Estadual, Matr\u00edcula n\u00ba 9210725-2, como Coordenador Administrativo Financeiro;<\/p>\n<\/blockquote>\n\n\n\n<p class=\"has-text-color has-link-color wp-elements-1 wp-block-paragraph\" style=\"color:#f02b2b\">Nova Reda\u00e7\u00e3o dada ao inciso III, pela Portaria n\u00b0 160, de 2 de fevereiro de 2023. Efeitos a partir de 6 de fevereiro de 2023.<\/p>\n\n\n\n<p class=\"wp-block-paragraph\">III &#8211; Itamar Magalh\u00e3es da Silva, Auditor da Receita Estadual, Matr\u00edcula n\u00ba 9119426-1, como Coordenador T\u00e9cnico;<\/p>\n\n\n\n<blockquote class=\"wp-block-quote is-layout-flow wp-block-quote-is-layout-flow\">\n<p class=\"has-text-color has-link-color wp-elements-2 wp-block-paragraph\" style=\"color:#08b418\"><strong>Reda\u00e7\u00e3o original: <\/strong>efeitos at\u00e9 5 de fevereiro de 2023.<\/p>\n\n\n\n<p class=\"has-text-color has-link-color wp-elements-3 wp-block-paragraph\" style=\"color:#08b418\">III \u2013 Jos\u00e9 Eloy da Costa J\u00fanior, Auditor da Receita Estadual, Matr\u00edcula n\u00ba 211508-3, como Coordenador T\u00e9cnico;<\/p>\n<\/blockquote>\n\n\n\n<p class=\"wp-block-paragraph\">IV \u2013 Lonm\u00e1rio Moraes do Valle, Diretor de Planejamento e Execu\u00e7\u00e3o Or\u00e7ament\u00e1ria, Matr\u00edcula n\u00ba 907140-7, como Assessor de Planejamento e Monitoramento.<\/p>\n\n\n\n<p class=\"has-text-color has-link-color wp-elements-4 wp-block-paragraph\" style=\"color:#f02b2b\">Acrescentado o inciso V, pela Portaria n\u00ba 822, de 4 de outubro de 2023,. Efeitos a partir de 6 de outubro de 2023.<\/p>\n\n\n\n<p class=\"wp-block-paragraph\">V &#8211; Andrey Macedo de Ara\u00fajo, cargo em comiss\u00e3o do Grupo de Chefia, Assist\u00eancia e Assessoramento, refer\u00eancia CAS-6, Matr\u00edcula n\u00ba 9614834-1, como Assessor de Aquisi\u00e7\u00f5es.<\/p>\n\n\n\n<p class=\"wp-block-paragraph\">Par\u00e1grafo \u00fanico.&nbsp; As fun\u00e7\u00f5es desempenhadas pelos membros da UCP\/SEFAZ s\u00e3o cumulativas e sem percep\u00e7\u00e3o de gratifica\u00e7\u00e3o, sem preju\u00edzo das atribui\u00e7\u00f5es dos seus cargos de lota\u00e7\u00e3o de origem.<\/p>\n\n\n\n<p class=\"wp-block-paragraph\">Art. 2\u00ba  Esta Portaria entra em vigor na data da sua publica\u00e7\u00e3o.<\/p>\n\n\n\n<p class=\"wp-block-paragraph\">Rio Branco-Acre, 09 de outubro de 2019.<\/p>\n","protected":false},"excerpt":{"rendered":"<p>Designa, com base no disposto no art. 5\u00ba da Portaria n\u00ba 662\/2019, membros para compor a Unidade de Coordena\u00e7\u00e3o de Programas (UCP) do Projeto de Moderniza\u00e7\u00e3o da Gest\u00e3o Fiscal do Estado do Acre (PROFISCO\/AC II), subordinado \u00e0 Secretaria de Estado da Fazenda.<\/p>\n","protected":false},"author":5,"featured_media":0,"comment_status":"closed","ping_status":"closed","sticky":false,"template":"","format":"standard","meta":{"_acf_changed":false,"footnotes":""},"categories":[3,33],"tags":[73],"class_list":["post-17381","post","type-post","status-publish","format-standard","hentry","category-legislacao","category-portarias","tag-legislacao-institucional-e-funcional"],"acf":[],"_links":{"self":[{"href":"https:\/\/sefaz.ac.gov.br\/2021\/index.php?rest_route=\/wp\/v2\/posts\/17381","targetHints":{"allow":["GET"]}}],"collection":[{"href":"https:\/\/sefaz.ac.gov.br\/2021\/index.php?rest_route=\/wp\/v2\/posts"}],"about":[{"href":"https:\/\/sefaz.ac.gov.br\/2021\/index.php?rest_route=\/wp\/v2\/types\/post"}],"author":[{"embeddable":true,"href":"https:\/\/sefaz.ac.gov.br\/2021\/index.php?rest_route=\/wp\/v2\/users\/5"}],"replies":[{"embeddable":true,"href":"https:\/\/sefaz.ac.gov.br\/2021\/index.php?rest_route=%2Fwp%2Fv2%2Fcomments&post=17381"}],"version-history":[{"count":2,"href":"https:\/\/sefaz.ac.gov.br\/2021\/index.php?rest_route=\/wp\/v2\/posts\/17381\/revisions"}],"predecessor-version":[{"id":23039,"href":"https:\/\/sefaz.ac.gov.br\/2021\/index.php?rest_route=\/wp\/v2\/posts\/17381\/revisions\/23039"}],"wp:attachment":[{"href":"https:\/\/sefaz.ac.gov.br\/2021\/index.php?rest_route=%2Fwp%2Fv2%2Fmedia&parent=17381"}],"wp:term":[{"taxonomy":"category","embeddable":true,"href":"https:\/\/sefaz.ac.gov.br\/2021\/index.php?rest_route=%2Fwp%2Fv2%2Fcategories&post=17381"},{"taxonomy":"post_tag","embeddable":true,"href":"https:\/\/sefaz.ac.gov.br\/2021\/index.php?rest_route=%2Fwp%2Fv2%2Ftags&post=17381"}],"curies":[{"name":"wp","href":"https:\/\/api.w.org\/{rel}","templated":true}]}}