{"id":17367,"date":"2019-10-09T11:15:03","date_gmt":"2019-10-09T14:15:03","guid":{"rendered":"http:\/\/sefaz.acre.gov.br:80\/2021\/?p=17367"},"modified":"2023-05-24T10:07:05","modified_gmt":"2023-05-24T13:07:05","slug":"portaria-no-662-de-09-de-outubro-de-2019","status":"publish","type":"post","link":"https:\/\/sefaz.ac.gov.br\/2021\/?p=17367","title":{"rendered":"PORTARIA N\u00ba 662, DE 09 DE OUTUBRO DE 2019"},"content":{"rendered":"\n<p class=\"wp-block-paragraph\"><strong>A SECRET\u00c1RIA DE ESTADO DA FAZENDA<\/strong>, legais, bem como nos termos do Decreto n\u00ba 004, publicado no Di\u00e1rio Oficial n\u00ba 12.462 A, de 02 de janeiro de 2019; e<\/p>\n\n\n\n<p class=\"wp-block-paragraph\"><strong>CONSIDERANDO <\/strong>o art. 65, inciso II, do Decreto n\u00ba 183, de 6 de 1975, que aprovou o Regimento Interno da Secretaria de Estado da Fazenda;<\/p>\n\n\n\n<p class=\"wp-block-paragraph\"><strong>CONSIDERANDO <\/strong>a necessidade de aprimorar a sustentabilidade fiscal atrav\u00e9s da moderniza\u00e7\u00e3o da gest\u00e3o fazend\u00e1ria, organiza\u00e7\u00e3o da administra\u00e7\u00e3o tribut\u00e1ria e gest\u00e3o eficiente das despesas p\u00fablicas; e,<\/p>\n\n\n\n<p class=\"wp-block-paragraph\"><strong>CONSIDERANDO <\/strong>que o desenvolvimento do Projeto de Moderniza\u00e7\u00e3o da Gest\u00e3o Fiscal do Estado do Acre (PROFISCO\/AC II) pressup\u00f5e a cria\u00e7\u00e3o de Unidade de Coordena\u00e7\u00e3o de Programas (UCP).<\/p>\n\n\n\n<p class=\"wp-block-paragraph\"><strong>RESOLVE:<\/strong><\/p>\n\n\n\n<p class=\"has-text-color wp-block-paragraph\" style=\"color:#f02b2b\">Nova Reda\u00e7\u00e3o dada ao Art. 1\u00b0, pela Portaria n\u00ba 257, de 23 de maio de 2022. Efeitos a partir de 24 de maio de 2022.<\/p>\n\n\n\n<p class=\"wp-block-paragraph\">Art. 1\u00ba Instituir a Unidade de Coordena\u00e7\u00e3o de Programas do Projeto de Moderniza\u00e7\u00e3o da Gest\u00e3o Fiscal do Estado do Acre, a ser gerenciada pela Secretaria de Estado da Fazenda Estado da Fazenda e apoio dos Secret\u00e1rios(as) Adjuntos(as) da Receita e do Tesouro Estadual.<\/p>\n\n\n\n<blockquote class=\"wp-block-quote has-text-color is-layout-flow wp-block-quote-is-layout-flow\" style=\"color:#08b418\">\n<p class=\"wp-block-paragraph\"><strong>Reda\u00e7\u00e3o original:<\/strong> efeitos at\u00e9 23 de maio de 2022.<\/p>\n\n\n\n<p class=\"wp-block-paragraph\">Art. 1\u00ba Instituir a Unidade de Programas (UCP) do Projeto de Moderniza\u00e7\u00e3o da Gest\u00e3o Fiscal do Estado do Acre (PROFISCO\/AC II), a ser gerenciada pela Secretaria de Estado da Fazenda, sob a supervis\u00e3o direta do(a) Secret\u00e1rio(a) de Estado da Fazenda e apoio dos Secret\u00e1rios(a Adjuntos(as) da Receita e do Tesouro Estadual.<\/p>\n<\/blockquote>\n\n\n\n<p class=\"has-text-color wp-block-paragraph\" style=\"color:#f02b2b\">Nova Reda\u00e7\u00e3o dada ao Art. 2\u00ba, pela Portaria n\u00b0 257, de 23 de maio de 2022. Efeitos a partir de 24 de maio de 2022.<\/p>\n\n\n\n<p class=\"wp-block-paragraph\">Art. 2\u00ba A UCP\/SEFAZ, respons\u00e1vel pela coordena\u00e7\u00e3o e execu\u00e7\u00e3o do Projeto de Moderniza\u00e7\u00e3o da Gest\u00e3o Fiscal do Estado do Acre, tem por objetivo promover a automa\u00e7\u00e3o e moderniza\u00e7\u00e3o da gest\u00e3o fiscal do Acre em parceria com organismos de financiamento internos e externos.<\/p>\n\n\n\n<blockquote class=\"wp-block-quote is-layout-flow wp-block-quote-is-layout-flow\">\n<p class=\"has-text-color wp-block-paragraph\" style=\"color:#08b418\"><strong>Reda\u00e7\u00e3o original:<\/strong> efeitos at\u00e9 23 de maio de 2022.<\/p>\n\n\n\n<p class=\"has-text-color wp-block-paragraph\" style=\"color:#08b418\">Art. 2\u00ba A Unidade de Coordena\u00e7\u00e3o de Programas do PROFISCO\/AC II, respons\u00e1vel pela coordena\u00e7\u00e3o e execu\u00e7\u00e3o do Projeto de Moderniza\u00e7\u00e3o da Gest\u00e3o Fiscal do Estado do Acre, tem por objetivo promover a automa\u00e7\u00e3o e moderniza\u00e7\u00e3o da gest\u00e3o fiscal do Acre em parceria com o Banco Interamericano Desenvolvimento (BID).<\/p>\n<\/blockquote>\n\n\n\n<p class=\"has-text-color wp-block-paragraph\" style=\"color:#f02b2b\">Nova Reda\u00e7\u00e3o dada ao Art. 3\u00ba, pela Portaria n\u00b0 257, de 23 de maio de 2022. Efeitos a partir de 24 de maio de 2022.<\/p>\n\n\n\n<p class=\"wp-block-paragraph\">Art. 3\u00b0 O Regimento Interno disciplinar\u00e1 as fun\u00e7\u00f5es espec\u00edficas da UCP\/SEFAZ, bem como as atribui\u00e7\u00f5es de seus membros.<\/p>\n\n\n\n<blockquote class=\"wp-block-quote is-layout-flow wp-block-quote-is-layout-flow\">\n<p class=\"has-text-color wp-block-paragraph\" style=\"color:#08b418\"><strong>Reda\u00e7\u00e3o original:<\/strong> efeitos at\u00e9 23 de maio de 2022.<\/p>\n\n\n\n<p class=\"has-text-color wp-block-paragraph\" style=\"color:#08b418\">Art. 3\u00ba Instru\u00e7\u00e3o Normativa a ser editada pelo(a) Secret\u00e1rio(a) de Estado da Fazenda, com o aval das demais autoridades competentes, disciplinar\u00e1 as fun\u00e7\u00f5es espec\u00edficas da UCP do PROFISCO\/AC II, bem como as atribui\u00e7\u00f5es de seus membros.<\/p>\n<\/blockquote>\n\n\n\n<p class=\"has-text-color wp-block-paragraph\" style=\"color:#f02b2b\">Nova Reda\u00e7\u00e3o dada ao Art. 4\u00ba, pela Portaria n\u00b0 257, de 23 de maio de 2022. Efeitos a partir de 24 de maio de 2023.<\/p>\n\n\n\n<p class=\"wp-block-paragraph\">Art. 4\u00ba A estrutura b\u00e1sica da UCP\/SEFAZ ser\u00e1 composta pelos seguintes membros, sem preju\u00edzo de outras atribui\u00e7\u00f5es a serem definidas posteriormente:<\/p>\n\n\n\n<blockquote class=\"wp-block-quote is-layout-flow wp-block-quote-is-layout-flow\">\n<p class=\"has-text-color wp-block-paragraph\" style=\"color:#08b418\"><strong>Reda\u00e7\u00e3o original:<\/strong> efeitos at\u00e9 23 de maio de 2022.<\/p>\n\n\n\n<p class=\"has-text-color wp-block-paragraph\" style=\"color:#08b418\">Art. 4\u00ba A estrutura b\u00e1sica da UCP ser\u00e1 composta pelos seguintes membros, sem preju\u00edzo de outras atribui\u00e7\u00f5es a serem definidas posteriormente:<\/p>\n<\/blockquote>\n\n\n\n<p class=\"wp-block-paragraph\">I &#8211; Coordenador-Geral;<\/p>\n\n\n\n<p class=\"wp-block-paragraph\">II &#8211; Coordenador Administrativo Financeiro;<\/p>\n\n\n\n<p class=\"wp-block-paragraph\">III &#8211; Coordenador T\u00e9cnico;<\/p>\n\n\n\n<p class=\"wp-block-paragraph\">IV &#8211; Assessor de Planejamento e Monitoramento; e<\/p>\n\n\n\n<p class=\"wp-block-paragraph\">V &#8211; Assessor de Aquisi\u00e7\u00f5es.<\/p>\n\n\n\n<p class=\"has-text-color wp-block-paragraph\" style=\"color:#f02b2b\">Nova Reda\u00e7\u00e3o dada ao Art. 5\u00ba, pela Portaria n\u00b0 257, de 23 de maio de 2022. Efeitos a partir de 24 de maio de 2022.<\/p>\n\n\n\n<p class=\"wp-block-paragraph\">Art. 5\u00ba Os membros da UCP\/SEFAZ ser\u00e3o nomeados por ato do(a) Secret\u00e1rio(a) de Estado da Fazenda.<\/p>\n\n\n\n<blockquote class=\"wp-block-quote is-layout-flow wp-block-quote-is-layout-flow\">\n<p class=\"has-text-color wp-block-paragraph\" style=\"color:#08b418\"><strong>Reda\u00e7\u00e3o original:<\/strong> efeitos at\u00e9 23 de maio de 2022.<\/p>\n\n\n\n<p class=\"has-text-color wp-block-paragraph\" style=\"color:#08b418\">Art. 5\u00ba Os membros da UCP ser\u00e3o nomeados por ato do(a) Secret\u00e1rio(a) de Estado da Fazenda.<\/p>\n<\/blockquote>\n\n\n\n<p class=\"has-text-color wp-block-paragraph\" style=\"color:#f02b2b\">Nova Reda\u00e7\u00e3o dada ao Art. 6\u00ba, pela Portaria n\u00b0 257, de 23 de maio de 2022. Efeitos a partir de 24 de maio de 2022.<\/p>\n\n\n\n<p class=\"wp-block-paragraph\">Art. 6\u00b0 Os atos oficiais da UCP\/SEFAZ que forem encaminhados aos organismos internos e externos dever\u00e3o contar com o aval do(a) Secret\u00e1rio(a) de Estado da Fazenda, bem como dos(as) Secret\u00e1rios(as) Adjuntos(as) da Receita e Tesouro Estadual.<\/p>\n\n\n\n<blockquote class=\"wp-block-quote has-text-color is-layout-flow wp-block-quote-is-layout-flow\" style=\"color:#08b418\">\n<p class=\"wp-block-paragraph\"><strong>Reda\u00e7\u00e3o original:<\/strong> efeitos at\u00e9 23 de maio de 2022.<\/p>\n\n\n\n<p class=\"wp-block-paragraph\">Art. 6\u00ba Os atos oficiais da UCP que forem encaminhados ao Banco Interamericano de Desenvolvimento dever\u00e3o contar com o aval do(a) Secret\u00e1rio de Estado da Fazenda, bem como dos(as) Secret\u00e1rios(as) Adjuntos(as) da Receita e Tesouro Estadual.<\/p>\n<\/blockquote>\n\n\n\n<p class=\"has-text-color wp-block-paragraph\" style=\"color:#f02b2b\">Nova Reda\u00e7\u00e3o dada ao Art. 7\u00ba, pela Portaria n\u00b0 257, de 23 de maio de 2022. Efeitos a partir de 24 de maio de 2022.<\/p>\n\n\n\n<p class=\"wp-block-paragraph\">Art. 7\u00b0 No exerc\u00edcio das atribui\u00e7\u00f5es necess\u00e1rias \u00e0 consecu\u00e7\u00e3o das finalidades elencadas no Projeto de Moderniza\u00e7\u00e3o da Gest\u00e3o Fiscal do Estado do Acre, a SEFAZ poder\u00e1 requisitar o apoio de outras institui\u00e7\u00f5es do Poder Executivo.<\/p>\n\n\n\n<blockquote class=\"wp-block-quote has-text-color is-layout-flow wp-block-quote-is-layout-flow\" style=\"color:#08b418\">\n<p class=\"wp-block-paragraph\"><strong>Reda\u00e7\u00e3o original:<\/strong> efeitos at\u00e9 23 de maio de 2022.<\/p>\n\n\n\n<p class=\"wp-block-paragraph\">Art. 7\u00ba No exerc\u00edcio das atribui\u00e7\u00f5es necess\u00e1rias \u00e0 consecu\u00e7\u00e3o das finalidades elencadas no PROFISCO\/AC II, a Secretaria de Estado da Fazenda poder\u00e1 requisitar o apoio de outras institui\u00e7\u00f5es do Poder Executivo. <\/p>\n<\/blockquote>\n\n\n\n<p class=\"wp-block-paragraph\">Art. 8\u00b0 Fica revogada a Portaria n\u00ba 094, de 10 de fevereiro de 2015.<\/p>\n\n\n\n<p class=\"wp-block-paragraph\">Art. 9\u00b0 Esta Portaria entra em vigor na data da sua publica\u00e7\u00e3o<\/p>\n\n\n\n<p class=\"wp-block-paragraph\">Rio Branco-Acre, 09 de outubro de 2019.<\/p>\n\n\n\n<p class=\"wp-block-paragraph\"><br><\/p>\n","protected":false},"excerpt":{"rendered":"<p>Disp\u00f5e sobre a cria\u00e7\u00e3o da Unidade de Coordena\u00e7\u00e3o de Programas do Projeto de Moderniza\u00e7\u00e3o da Gest\u00e3o Fiscal do Estado do Acre, a ser gerenciada pela Secretaria Fazenda.<\/p>\n","protected":false},"author":5,"featured_media":0,"comment_status":"closed","ping_status":"closed","sticky":false,"template":"","format":"standard","meta":{"_acf_changed":false,"footnotes":""},"categories":[3,33],"tags":[73],"class_list":["post-17367","post","type-post","status-publish","format-standard","hentry","category-legislacao","category-portarias","tag-legislacao-institucional-e-funcional"],"acf":[],"_links":{"self":[{"href":"https:\/\/sefaz.ac.gov.br\/2021\/index.php?rest_route=\/wp\/v2\/posts\/17367","targetHints":{"allow":["GET"]}}],"collection":[{"href":"https:\/\/sefaz.ac.gov.br\/2021\/index.php?rest_route=\/wp\/v2\/posts"}],"about":[{"href":"https:\/\/sefaz.ac.gov.br\/2021\/index.php?rest_route=\/wp\/v2\/types\/post"}],"author":[{"embeddable":true,"href":"https:\/\/sefaz.ac.gov.br\/2021\/index.php?rest_route=\/wp\/v2\/users\/5"}],"replies":[{"embeddable":true,"href":"https:\/\/sefaz.ac.gov.br\/2021\/index.php?rest_route=%2Fwp%2Fv2%2Fcomments&post=17367"}],"version-history":[{"count":0,"href":"https:\/\/sefaz.ac.gov.br\/2021\/index.php?rest_route=\/wp\/v2\/posts\/17367\/revisions"}],"wp:attachment":[{"href":"https:\/\/sefaz.ac.gov.br\/2021\/index.php?rest_route=%2Fwp%2Fv2%2Fmedia&parent=17367"}],"wp:term":[{"taxonomy":"category","embeddable":true,"href":"https:\/\/sefaz.ac.gov.br\/2021\/index.php?rest_route=%2Fwp%2Fv2%2Fcategories&post=17367"},{"taxonomy":"post_tag","embeddable":true,"href":"https:\/\/sefaz.ac.gov.br\/2021\/index.php?rest_route=%2Fwp%2Fv2%2Ftags&post=17367"}],"curies":[{"name":"wp","href":"https:\/\/api.w.org\/{rel}","templated":true}]}}