{"id":17361,"date":"2020-05-07T10:05:23","date_gmt":"2020-05-07T13:05:23","guid":{"rendered":"http:\/\/sefaz.acre.gov.br:80\/2021\/?p=17361"},"modified":"2023-05-23T10:05:57","modified_gmt":"2023-05-23T13:05:57","slug":"portaria-no-123-de-7-de-maio-de-2020","status":"publish","type":"post","link":"https:\/\/sefaz.ac.gov.br\/2021\/?p=17361","title":{"rendered":"PORTARIA N\u00ba 123, DE 7 DE MAIO DE 2020"},"content":{"rendered":"\n<p class=\"wp-block-paragraph\"><strong>A SECRET\u00c1RIA DE ESTADO DA FAZENDA<\/strong>, no uso de suas atribui\u00e7\u00f5es constitucionais e legais, que lhe confere o Decreto n\u00ba 5.633, de 30 de mar\u00e7o de 2020, publicado no Di\u00e1rio Oficial do Estado do Acre n\u00ba 12.770, de 31 de mar\u00e7o de 2020; e<\/p>\n\n\n\n<p class=\"wp-block-paragraph\">Considerando a COMUNICA\u00c7\u00c3O INTERNA N\u00ba 66\/2020\/SEFAZ &#8211; GDIAT, (SEI: 0411297), exarada pela Diretoria de Administra\u00e7\u00e3o Tribut\u00e1ria;<\/p>\n\n\n\n<p class=\"wp-block-paragraph\"><strong>RESOLVE:<\/strong><\/p>\n\n\n\n<p class=\"wp-block-paragraph\">Art. 1\u00ba Alterar a composi\u00e7\u00e3o da Comiss\u00e3o Permanente de Sindic\u00e2ncia a Portaria n\u00ba 074, de 06 de mar\u00e7o de 2020, publicada no Di\u00e1rio Oficial n\u00ba 12.757, de 12 de mar\u00e7o de 2020, e alterar o Art. 8\u00ba, passando a constar a seguinte composi\u00e7\u00e3o:<\/p>\n\n\n\n<blockquote class=\"wp-block-quote is-layout-flow wp-block-quote-is-layout-flow\">\n<p class=\"wp-block-paragraph\">\u201cArt. 8\u00ba \u2026\u2026\u2026\u2026\u2026\u2026\u2026\u2026\u2026\u2026\u2026\u2026\u2026\u2026\u2026\u2026\u2026\u2026\u2026\u2026\u2026\u2026\u2026\u2026\u2026\u2026\u2026\u2026\u2026.<\/p>\n\n\n\n<p class=\"wp-block-paragraph\">III &#8211; Membro: Nilton Sandro Braga de Farias, inscrito na matr\u00edcula n\u00ba 9137882-2, lotado na Secretaria de Estado da Fazenda &#8211; SEFAZ, no cargo de Auditor da Receita Estadual, admitido em 21\/12\/2009, escolaridade: n\u00edvel superior completo;<br>\u2026\u2026\u2026\u2026\u2026\u2026\u2026\u2026\u2026\u2026\u2026\u2026\u2026\u2026\u2026\u2026\u2026\u2026\u2026\u2026\u2026\u2026\u2026\u2026\u2026\u2026\u2026\u2026\u2026\u2026\u2026\u201d (NR)<\/p>\n<\/blockquote>\n\n\n\n<p class=\"wp-block-paragraph\">Art. 2\u00ba Esta Portaria entra em vigor na data de sua publica\u00e7\u00e3o.<\/p>\n\n\n\n<p class=\"wp-block-paragraph\">Registre-se. Publique-se. Cumpra-se.<\/p>\n\n\n\n<p class=\"wp-block-paragraph\">Rio Branco-Acre, 7 de maio de 2020.<\/p>\n","protected":false},"excerpt":{"rendered":"<p>Altera o art. 8\u00ba da Portaria n\u00ba 074, de 06 de mar\u00e7o de 2020, publicada no Di\u00e1rio Oficial n\u00ba 12.757, de 12 de mar\u00e7o de 2020, que disp\u00f5e acerca da composi\u00e7\u00e3o da Comiss\u00e3o Permanente de Sindic\u00e2ncia.<\/p>\n","protected":false},"author":5,"featured_media":0,"comment_status":"closed","ping_status":"closed","sticky":false,"template":"","format":"standard","meta":{"_acf_changed":false,"footnotes":""},"categories":[3,33],"tags":[73],"class_list":["post-17361","post","type-post","status-publish","format-standard","hentry","category-legislacao","category-portarias","tag-legislacao-institucional-e-funcional"],"acf":[],"_links":{"self":[{"href":"https:\/\/sefaz.ac.gov.br\/2021\/index.php?rest_route=\/wp\/v2\/posts\/17361","targetHints":{"allow":["GET"]}}],"collection":[{"href":"https:\/\/sefaz.ac.gov.br\/2021\/index.php?rest_route=\/wp\/v2\/posts"}],"about":[{"href":"https:\/\/sefaz.ac.gov.br\/2021\/index.php?rest_route=\/wp\/v2\/types\/post"}],"author":[{"embeddable":true,"href":"https:\/\/sefaz.ac.gov.br\/2021\/index.php?rest_route=\/wp\/v2\/users\/5"}],"replies":[{"embeddable":true,"href":"https:\/\/sefaz.ac.gov.br\/2021\/index.php?rest_route=%2Fwp%2Fv2%2Fcomments&post=17361"}],"version-history":[{"count":0,"href":"https:\/\/sefaz.ac.gov.br\/2021\/index.php?rest_route=\/wp\/v2\/posts\/17361\/revisions"}],"wp:attachment":[{"href":"https:\/\/sefaz.ac.gov.br\/2021\/index.php?rest_route=%2Fwp%2Fv2%2Fmedia&parent=17361"}],"wp:term":[{"taxonomy":"category","embeddable":true,"href":"https:\/\/sefaz.ac.gov.br\/2021\/index.php?rest_route=%2Fwp%2Fv2%2Fcategories&post=17361"},{"taxonomy":"post_tag","embeddable":true,"href":"https:\/\/sefaz.ac.gov.br\/2021\/index.php?rest_route=%2Fwp%2Fv2%2Ftags&post=17361"}],"curies":[{"name":"wp","href":"https:\/\/api.w.org\/{rel}","templated":true}]}}