{"id":17323,"date":"2021-11-22T15:00:31","date_gmt":"2021-11-22T18:00:31","guid":{"rendered":"http:\/\/sefaz.acre.gov.br:80\/2021\/?p=17323"},"modified":"2023-06-22T13:41:59","modified_gmt":"2023-06-22T16:41:59","slug":"portaria-no-358-de-22-de-novembro-de-2021","status":"publish","type":"post","link":"https:\/\/sefaz.ac.gov.br\/2021\/?p=17323","title":{"rendered":"PORTARIA N\u00ba 358, DE 22 DE NOVEMBRO DE 2021"},"content":{"rendered":"\n<p class=\"wp-block-paragraph\"><strong>O SECRET\u00c1RIO DE ESTADO DA FAZENDA,<\/strong> no uso de suas atribui\u00e7\u00f5es constitucionais e legais que lhe confere o Decreto n\u00ba 10.491, de 12 de novembro de 2021, publicado no Di\u00e1rio Oficial do Estado n\u00ba 13.165, de 17 de novembro de 2021; e<\/p>\n\n\n\n<p class=\"wp-block-paragraph\">Considerando as disposi\u00e7\u00f5es contidas no artigo 5\u00ba, do Decreto Estadual n\u00ba 5.587, de 12 de agosto de 2010;<\/p>\n\n\n\n<p class=\"wp-block-paragraph\">Considerando, ainda, a necessidade de estabelecer as metas da Secretaria de Estado da Fazenda &#8211; SEFAZ para o exerc\u00edcio de 2022, para efeitos de apura\u00e7\u00e3o e avalia\u00e7\u00e3o do resultado do exerc\u00edcio;<\/p>\n\n\n\n<p class=\"wp-block-paragraph\"><strong>RESOLVE:<\/strong><\/p>\n\n\n\n<p class=\"wp-block-paragraph\">Art. 1\u00ba Esta Portaria nomeia o Comit\u00ea para estabelecer as metas da Secretaria de Estado da Fazenda &#8211; SEFAZ para o exerc\u00edcio de 2022.<\/p>\n\n\n\n<p class=\"wp-block-paragraph\">Art. 2\u00ba O Comit\u00ea ser\u00e1 composto pelos seguintes membros:<\/p>\n\n\n\n<p class=\"wp-block-paragraph\">I &#8211; Breno Geovane Azevedo Caetano, Secret\u00e1rio Adjunto da Receita Estadual; <\/p>\n\n\n\n<p class=\"wp-block-paragraph\">II &#8211; Cl\u00f3vis Monteiro Gomes, Diretor de Administra\u00e7\u00e3o Tribut\u00e1ria;<\/p>\n\n\n\n<p class=\"wp-block-paragraph\">III &#8211; Eduardo Alves Maia Neto, Diretor de Contabilidade Geral do Estado;<\/p>\n\n\n\n<p class=\"wp-block-paragraph\">IV &#8211; Juarez Generoso de Oliveira Filho, Diretor de Administra\u00e7\u00e3o e Finan\u00e7as;<\/p>\n\n\n\n<p class=\"wp-block-paragraph\">V &#8211; Nicolas Aur\u00e9lio Pinto Barbosa Lima, representante do Sindicato do Fisco Estadual do Acre &#8211; SINDIFISCO\/AC;<\/p>\n\n\n\n<p class=\"wp-block-paragraph\">VI &#8211; Solange Socorro Pereira Cruz, representante do Sindicato dos Trabalhadores Fazend\u00e1rios do Estado do Acre &#8211; SINFAC.<\/p>\n\n\n\n<p class=\"wp-block-paragraph\">\u00a7 1\u00ba A presid\u00eancia do Comit\u00ea ser\u00e1 exercida pelo membro a que se refere o inciso I deste artigo.<\/p>\n\n\n\n<p class=\"wp-block-paragraph\">\u00a7 2\u00ba Para a consecu\u00e7\u00e3o de seus trabalhos o Comit\u00ea poder\u00e1 convocar t\u00e9cnicos com conhecimentos especializados.<\/p>\n\n\n\n<p class=\"wp-block-paragraph\">Art. 3\u00ba As metas estabelecidas pelo Comit\u00ea servir\u00e3o de par\u00e2metro para atribui\u00e7\u00e3o do Pr\u00eamio Anual de Valoriza\u00e7\u00e3o da Atividade Fazend\u00e1ria &#8211; PAVAF.<\/p>\n\n\n\n<p class=\"wp-block-paragraph\">Art. 4\u00ba Esta Portaria entra em vigor na data de sua publica\u00e7\u00e3o.<\/p>\n\n\n\n<p class=\"wp-block-paragraph\">Rio Branco &#8211; Acre, 22 de novembro de 2021.<\/p>\n","protected":false},"excerpt":{"rendered":"<p>Nomeia o Comit\u00ea para estabelecer as metas da Secretaria de Estado da Fazenda &#8211; SEFAZ para o exerc\u00edcio de 2022.<\/p>\n","protected":false},"author":5,"featured_media":0,"comment_status":"closed","ping_status":"closed","sticky":false,"template":"","format":"standard","meta":{"_acf_changed":false,"footnotes":""},"categories":[3,33],"tags":[73],"class_list":["post-17323","post","type-post","status-publish","format-standard","hentry","category-legislacao","category-portarias","tag-legislacao-institucional-e-funcional"],"acf":[],"_links":{"self":[{"href":"https:\/\/sefaz.ac.gov.br\/2021\/index.php?rest_route=\/wp\/v2\/posts\/17323","targetHints":{"allow":["GET"]}}],"collection":[{"href":"https:\/\/sefaz.ac.gov.br\/2021\/index.php?rest_route=\/wp\/v2\/posts"}],"about":[{"href":"https:\/\/sefaz.ac.gov.br\/2021\/index.php?rest_route=\/wp\/v2\/types\/post"}],"author":[{"embeddable":true,"href":"https:\/\/sefaz.ac.gov.br\/2021\/index.php?rest_route=\/wp\/v2\/users\/5"}],"replies":[{"embeddable":true,"href":"https:\/\/sefaz.ac.gov.br\/2021\/index.php?rest_route=%2Fwp%2Fv2%2Fcomments&post=17323"}],"version-history":[{"count":0,"href":"https:\/\/sefaz.ac.gov.br\/2021\/index.php?rest_route=\/wp\/v2\/posts\/17323\/revisions"}],"wp:attachment":[{"href":"https:\/\/sefaz.ac.gov.br\/2021\/index.php?rest_route=%2Fwp%2Fv2%2Fmedia&parent=17323"}],"wp:term":[{"taxonomy":"category","embeddable":true,"href":"https:\/\/sefaz.ac.gov.br\/2021\/index.php?rest_route=%2Fwp%2Fv2%2Fcategories&post=17323"},{"taxonomy":"post_tag","embeddable":true,"href":"https:\/\/sefaz.ac.gov.br\/2021\/index.php?rest_route=%2Fwp%2Fv2%2Ftags&post=17323"}],"curies":[{"name":"wp","href":"https:\/\/api.w.org\/{rel}","templated":true}]}}