{"id":17319,"date":"2021-08-04T14:56:09","date_gmt":"2021-08-04T17:56:09","guid":{"rendered":"http:\/\/sefaz.acre.gov.br:80\/2021\/?p=17319"},"modified":"2023-05-24T10:09:25","modified_gmt":"2023-05-24T13:09:25","slug":"portaria-no-220-de-4-de-agosto-de-2021","status":"publish","type":"post","link":"https:\/\/sefaz.ac.gov.br\/2021\/?p=17319","title":{"rendered":"PORTARIA N\u00ba 220, DE 4 DE AGOSTO DE 2021"},"content":{"rendered":"\n<p class=\"wp-block-paragraph\"><strong>O SECRET\u00c1RIO DE ESTADO DA FAZENDA<\/strong>, no uso das atribui\u00e7\u00f5es legais que lhe confere o Decreto n\u00ba 6.511, de 5 de agosto de 2020;<\/p>\n\n\n\n<p class=\"wp-block-paragraph\">Considerando as disposi\u00e7\u00f5es do Decreto n\u00ba 5.284, de 13 de fevereiro de 2020; e<\/p>\n\n\n\n<p class=\"wp-block-paragraph\">Considerando a necessidade da ado\u00e7\u00e3o, em car\u00e1ter permanente, de estrat\u00e9gias orientadas para a forma\u00e7\u00e3o continuada e para a capacita\u00e7\u00e3o t\u00e9cnico-profissional e gerencial dos servidores fazend\u00e1rios, bem como para o desenvolvimento de valores e compet\u00eancias relacionados \u00e0 cidadania fiscal;<\/p>\n\n\n\n<p class=\"wp-block-paragraph\"><strong>RESOLVE:<\/strong><\/p>\n\n\n\n<p class=\"wp-block-paragraph\">Art. 1\u00ba A Escola Fazend\u00e1ria \u00e9 estruturada organicamente da seguinte forma:<\/p>\n\n\n\n<p class=\"wp-block-paragraph\">I &#8211; Divis\u00e3o de Gest\u00e3o da Escola Fazend\u00e1ria:<\/p>\n\n\n\n<p class=\"wp-block-paragraph\">a) N\u00facleo Especializado Setorial Administrativo;<\/p>\n\n\n\n<p class=\"wp-block-paragraph\">b) N\u00facleo Especializado Setorial de Educa\u00e7\u00e3o Fiscal e Cidadania;<\/p>\n\n\n\n<p class=\"wp-block-paragraph\">c) N\u00facleo Especializado de Ensino e Pesquisa;<\/p>\n\n\n\n<p class=\"wp-block-paragraph\">d) N\u00facleo Especializado Setorial de Comunica\u00e7\u00e3o.<\/p>\n\n\n\n<p class=\"wp-block-paragraph\">Art. 2\u00ba Aos servidores p\u00fablicos, devidamente cadastrados e habilitados, que venham a exercer a fun\u00e7\u00e3o de professor, instrutor ou palestrante, em projetos educativos organizados pela Escola Fazend\u00e1ria e desde que em hor\u00e1rio n\u00e3o conflitante com o de suas atividades funcionais regulares, ser\u00e1 efetuado o pagamento de hora-doc\u00eancia e\/ou hora atividade, conforme estabelecido em normas regulamentares.<\/p>\n\n\n\n<p class=\"wp-block-paragraph\">Art. 3\u00ba A Escola Fazend\u00e1ria poder\u00e1:<\/p>\n\n\n\n<p class=\"wp-block-paragraph\">I &#8211; implantar e desenvolver, em conjunto com entidades educacionais de reconhecida especialidade, cursos de gradua\u00e7\u00e3o ou especializa\u00e7\u00e3o, com recursos pr\u00f3prios ou mediante conv\u00eanios com universidades e organismos internacionais, observada a legisla\u00e7\u00e3o pertinente;<\/p>\n\n\n\n<p class=\"wp-block-paragraph\">II &#8211; celebrar e implementar conv\u00eanios, acordos e praticar atos decorrentes com \u00f3rg\u00e3os da administra\u00e7\u00e3o p\u00fablica ou entidades privadas, observada a legisla\u00e7\u00e3o espec\u00edfica.<\/p>\n\n\n\n<p class=\"wp-block-paragraph\">Art. 4\u00ba A Escola Fazend\u00e1ria ter\u00e1 suas atribui\u00e7\u00f5es, compet\u00eancias e funcionamento detalhados em Regimento Interno da Secretaria de Estado da Fazenda.<\/p>\n\n\n\n<p class=\"wp-block-paragraph\">Art. 5\u00ba Esta Portaria entra em vigor na data de sua publica\u00e7\u00e3o.<\/p>\n\n\n\n<p class=\"wp-block-paragraph\">Rio Branco &#8211; Acre, 4 de agosto de 2021.<\/p>\n","protected":false},"excerpt":{"rendered":"<p>Disp\u00f5e sobre a Estrutura da Escola Fazend\u00e1ria.<\/p>\n","protected":false},"author":5,"featured_media":0,"comment_status":"closed","ping_status":"closed","sticky":false,"template":"","format":"standard","meta":{"_acf_changed":false,"footnotes":""},"categories":[3,33],"tags":[73],"class_list":["post-17319","post","type-post","status-publish","format-standard","hentry","category-legislacao","category-portarias","tag-legislacao-institucional-e-funcional"],"acf":[],"_links":{"self":[{"href":"https:\/\/sefaz.ac.gov.br\/2021\/index.php?rest_route=\/wp\/v2\/posts\/17319","targetHints":{"allow":["GET"]}}],"collection":[{"href":"https:\/\/sefaz.ac.gov.br\/2021\/index.php?rest_route=\/wp\/v2\/posts"}],"about":[{"href":"https:\/\/sefaz.ac.gov.br\/2021\/index.php?rest_route=\/wp\/v2\/types\/post"}],"author":[{"embeddable":true,"href":"https:\/\/sefaz.ac.gov.br\/2021\/index.php?rest_route=\/wp\/v2\/users\/5"}],"replies":[{"embeddable":true,"href":"https:\/\/sefaz.ac.gov.br\/2021\/index.php?rest_route=%2Fwp%2Fv2%2Fcomments&post=17319"}],"version-history":[{"count":0,"href":"https:\/\/sefaz.ac.gov.br\/2021\/index.php?rest_route=\/wp\/v2\/posts\/17319\/revisions"}],"wp:attachment":[{"href":"https:\/\/sefaz.ac.gov.br\/2021\/index.php?rest_route=%2Fwp%2Fv2%2Fmedia&parent=17319"}],"wp:term":[{"taxonomy":"category","embeddable":true,"href":"https:\/\/sefaz.ac.gov.br\/2021\/index.php?rest_route=%2Fwp%2Fv2%2Fcategories&post=17319"},{"taxonomy":"post_tag","embeddable":true,"href":"https:\/\/sefaz.ac.gov.br\/2021\/index.php?rest_route=%2Fwp%2Fv2%2Ftags&post=17319"}],"curies":[{"name":"wp","href":"https:\/\/api.w.org\/{rel}","templated":true}]}}