{"id":17315,"date":"2021-08-03T14:52:26","date_gmt":"2021-08-03T17:52:26","guid":{"rendered":"http:\/\/sefaz.acre.gov.br:80\/2021\/?p=17315"},"modified":"2023-05-22T14:52:55","modified_gmt":"2023-05-22T17:52:55","slug":"portaria-no-217-de-3-de-agosto-de-2021","status":"publish","type":"post","link":"https:\/\/sefaz.ac.gov.br\/2021\/?p=17315","title":{"rendered":"PORTARIA N\u00ba 217, DE 3 DE AGOSTO DE 2021"},"content":{"rendered":"\n<p class=\"wp-block-paragraph\"><strong>O SECRET\u00c1RIO DE ESTADO DA FAZENDA<\/strong>, no uso de suas atribui\u00e7\u00f5es constitucionais e legais que lhe confere o Decreto n\u00ba 6.511, de 5 de agosto de 2020, publicado no Di\u00e1rio Oficial n\u00ba 12.855, de 10 de agosto de 2020;<\/p>\n\n\n\n<p class=\"wp-block-paragraph\">Considerando o Decreto n\u00ba 9.706, de 29 de julho de 2021, que suspende, no \u00e2mbito da administra\u00e7\u00e3o direta e indireta do Poder Executivo, as disposi\u00e7\u00f5es normativas que autorizavam a concess\u00e3o de regime de trabalho remoto aos servidores p\u00fablicos em raz\u00e3o da pandemia da covid-19;<\/p>\n\n\n\n<p class=\"wp-block-paragraph\">Considerando o Decreto n\u00ba 9.707, de 29 de julho de 2021, que disp\u00f5e sobre os hor\u00e1rios de funcionamento e de atendimento ao p\u00fablico.<\/p>\n\n\n\n<p class=\"wp-block-paragraph\">Considerando a Portaria SEFAZ n\u00ba 245, de 21 de setembro de 2020, que disp\u00f5e sobre as medidas de retomada do servi\u00e7o presencial e atendimento ao p\u00fablico;<\/p>\n\n\n\n<p class=\"wp-block-paragraph\">Considerando a Portaria SEFAZ n\u00ba 246, de 21 de setembro de 2020, que regulamenta o teletrabalho no \u00e2mbito da Secretaria de Estado da Fazenda; e<\/p>\n\n\n\n<p class=\"wp-block-paragraph\">Considerando a natureza essencial da atividade da Administra\u00e7\u00e3o Fazend\u00e1ria e a necessidade de assegurar a continuidade da presta\u00e7\u00e3o do servi\u00e7o p\u00fablico.<\/p>\n\n\n\n<p class=\"wp-block-paragraph\">RESOLVE:<\/p>\n\n\n\n<p class=\"wp-block-paragraph\">Art. 1\u00ba Ficam suspensas, a partir de 2 de agosto de 2021, no \u00e2mbito da Secretaria de Estado da Fazenda &#8211; SEFAZ, as disposi\u00e7\u00f5es normativas que autorizam a concess\u00e3o de regime de trabalho remoto em virtude da pandemia da covid-19, devendo os servidores p\u00fablicos, estagi\u00e1rios e colaboradores da SEFAZ retomarem ao trabalho presencial.<\/p>\n\n\n\n<p class=\"wp-block-paragraph\">\u00a7 1\u00ba Para os fins de que trata o caput, os servidores da SEFAZ devem apresentar a carteira de vacina\u00e7\u00e3o na Divis\u00e3o de Pessoas.<\/p>\n\n\n\n<p class=\"wp-block-paragraph\">\u00a7 2\u00ba O disposto no caput n\u00e3o abrange o regramento constante da Portaria SEFAZ n\u00ba 246, de 21 de setembro de 2020.<\/p>\n\n\n\n<p class=\"wp-block-paragraph\">Art. 2\u00ba A partir da data prevista no caput do art. 1\u00ba desta Portaria, apenas ser\u00e1 permitida a manuten\u00e7\u00e3o do regime de trabalho remoto aos servidores:<\/p>\n\n\n\n<p class=\"wp-block-paragraph\">I &#8211; que integrem o grupo de risco, assim entendido \u00e0queles que se amoldem ao previsto no \u00a7 2\u00ba do artigo 5\u00ba da Portaria SEFAZ n\u00ba 245, de 21 de setembro de 2020;<br><br>II &#8211; que n\u00e3o foram vacinados com a 2\u00aa dose ou a dose \u00fanica da vacina contra a COVID-19; e<\/p>\n\n\n\n<p class=\"wp-block-paragraph\">III &#8211; que desenvolvam suas atividades conforme o disposto na Portaria SEFAZ n\u00ba 246, de 21 de setembro de 2020.<\/p>\n\n\n\n<p class=\"wp-block-paragraph\">Par\u00e1grafo \u00fanico. A permiss\u00e3o de que trata o caput n\u00e3o se aplica aos servidores que se abstiverem ou que se recusarem ser vacinados de acordo com o calend\u00e1rio de vacina\u00e7\u00e3o e a disponibilidade de vacinas no munic\u00edpio de lota\u00e7\u00e3o, salvo no caso de apresenta\u00e7\u00e3o de laudo m\u00e9dico que comprove a impossibilidade de recebimento da vacina.<\/p>\n\n\n\n<p class=\"wp-block-paragraph\">Art. 3\u00ba Os hor\u00e1rios de funcionamento e de atendimento ao p\u00fablico no \u00e2mbito SEFAZ ficam assim fixados:<\/p>\n\n\n\n<p class=\"wp-block-paragraph\">I &#8211; o hor\u00e1rio de atendimento ao p\u00fablico ser\u00e1 corrido, das 7h30 \u00e0s 13h30, de segunda-feira a sexta-feira;<\/p>\n\n\n\n<p class=\"wp-block-paragraph\">II &#8211; o hor\u00e1rio de expediente ser\u00e1 de 8h \u00e0s 12h e das 14h \u00e0s 18h, ou corrido de 8h \u00e0s 14h, exceto para os chefes dos setores da SEFAZ que dever\u00e3o cumprir a jornada de 8h \u00e0s 12h e das 14h \u00e0s 18h.<\/p>\n\n\n\n<p class=\"wp-block-paragraph\">\u00a7 1\u00ba Para os fins desta Portaria, consideram-se:<\/p>\n\n\n\n<p class=\"wp-block-paragraph\">I &#8211; hor\u00e1rio de funcionamento: per\u00edodo que abrange o funcionamento interno do \u00f3rg\u00e3o ou entidade;<\/p>\n\n\n\n<p class=\"wp-block-paragraph\">II &#8211; hor\u00e1rio de atendimento ao p\u00fablico: per\u00edodo que abrange o funcionamento do \u00f3rg\u00e3o ou entidade com atendimento ao p\u00fablico externo.<\/p>\n\n\n\n<p class=\"wp-block-paragraph\">\u00a7 2\u00ba Em se tratando de servidor que comprove a necessidade de acompanhar seus filhos em aulas on-line, dever\u00e1 observar o disposto no \u00a73\u00ba do artigo 4\u00ba da Portaria n\u00ba 245\/2020.<\/p>\n\n\n\n<p class=\"wp-block-paragraph\">Art. 4\u00ba O Sistema PontoWeb, institu\u00eddo pelo Decreto n\u00ba 4.730, de 2 de dezembro de 2019, ser\u00e1 parametrizado a fim de atender \u00e0s disposi\u00e7\u00f5es desta Portaria, observado o constante da Portaria SEFAZ n\u00ba 097, de 2 de abril de 2020.<\/p>\n\n\n\n<p class=\"wp-block-paragraph\">Art. 5\u00ba Ficam mantidas as disposi\u00e7\u00f5es da Portaria n\u00ba 245\/2020 naquilo que n\u00e3o conflitem com o constante desta Portaria.<\/p>\n\n\n\n<p class=\"wp-block-paragraph\">Art. 6\u00ba Esta Portaria entra em vigor na data de sua publica\u00e7\u00e3o.<\/p>\n\n\n\n<p class=\"wp-block-paragraph\">Rio Branco &#8211; Acre, 3 de agosto de 2021.<\/p>\n","protected":false},"excerpt":{"rendered":"<p>Estabelece, no \u00e2mbito da Secretaria de Estado da Fazenda, a retomada do trabalho presencial e os respectivos hor\u00e1rios de funcionamento e de atendimento.<\/p>\n","protected":false},"author":5,"featured_media":0,"comment_status":"closed","ping_status":"closed","sticky":false,"template":"","format":"standard","meta":{"_acf_changed":false,"footnotes":""},"categories":[3,33],"tags":[73],"class_list":["post-17315","post","type-post","status-publish","format-standard","hentry","category-legislacao","category-portarias","tag-legislacao-institucional-e-funcional"],"acf":[],"_links":{"self":[{"href":"https:\/\/sefaz.ac.gov.br\/2021\/index.php?rest_route=\/wp\/v2\/posts\/17315","targetHints":{"allow":["GET"]}}],"collection":[{"href":"https:\/\/sefaz.ac.gov.br\/2021\/index.php?rest_route=\/wp\/v2\/posts"}],"about":[{"href":"https:\/\/sefaz.ac.gov.br\/2021\/index.php?rest_route=\/wp\/v2\/types\/post"}],"author":[{"embeddable":true,"href":"https:\/\/sefaz.ac.gov.br\/2021\/index.php?rest_route=\/wp\/v2\/users\/5"}],"replies":[{"embeddable":true,"href":"https:\/\/sefaz.ac.gov.br\/2021\/index.php?rest_route=%2Fwp%2Fv2%2Fcomments&post=17315"}],"version-history":[{"count":0,"href":"https:\/\/sefaz.ac.gov.br\/2021\/index.php?rest_route=\/wp\/v2\/posts\/17315\/revisions"}],"wp:attachment":[{"href":"https:\/\/sefaz.ac.gov.br\/2021\/index.php?rest_route=%2Fwp%2Fv2%2Fmedia&parent=17315"}],"wp:term":[{"taxonomy":"category","embeddable":true,"href":"https:\/\/sefaz.ac.gov.br\/2021\/index.php?rest_route=%2Fwp%2Fv2%2Fcategories&post=17315"},{"taxonomy":"post_tag","embeddable":true,"href":"https:\/\/sefaz.ac.gov.br\/2021\/index.php?rest_route=%2Fwp%2Fv2%2Ftags&post=17315"}],"curies":[{"name":"wp","href":"https:\/\/api.w.org\/{rel}","templated":true}]}}