{"id":17312,"date":"2021-06-11T14:46:56","date_gmt":"2021-06-11T17:46:56","guid":{"rendered":"http:\/\/sefaz.acre.gov.br:80\/2021\/?p=17312"},"modified":"2023-06-22T13:43:14","modified_gmt":"2023-06-22T16:43:14","slug":"portaria-no-159-de-11-de-junho-de-2021","status":"publish","type":"post","link":"https:\/\/sefaz.ac.gov.br\/2021\/?p=17312","title":{"rendered":"PORTARIA N\u00ba 159, DE 11 DE JUNHO DE 2021"},"content":{"rendered":"\n<p class=\"wp-block-paragraph\"><strong>O SECRET\u00c1RIO DE ESTADO DA FAZENDA<\/strong>, no uso das atribui\u00e7\u00f5es legais que lhe confere o Decreto n\u00ba 6.511, de 5 de agosto de 2020; e<\/p>\n\n\n\n<p class=\"wp-block-paragraph\">Considerando o art. 65, II, do Regimento Interno da Secretaria de Estado da Fazenda, aprovado pelo Decreto n\u00ba 183, de 06 de outubro de 1975;<\/p>\n\n\n\n<p class=\"wp-block-paragraph\"><strong>RESOLVE:<\/strong><\/p>\n\n\n\n<p class=\"wp-block-paragraph\">Art. 1\u00ba A Portaria n\u00ba 122, de 4 de maio de 2021, passa a vigorar com a seguinte altera\u00e7\u00e3o:<\/p>\n\n\n\n<blockquote class=\"wp-block-quote is-layout-flow wp-block-quote-is-layout-flow\">\n<p class=\"wp-block-paragraph\">\u201cArt. 2\u00ba Observando a disponibilidade Or\u00e7ament\u00e1ria e Financeira, fica autorizado o pagamento do Pr\u00eamio Anual de Valoriza\u00e7\u00e3o da Atividade Fazend\u00e1ria &#8211; PAVAF aos servidores da Secretaria de Estado da Fazenda, relativo ao cumprimento da meta do exerc\u00edcio de 2020.\u201d (NR)<\/p>\n<\/blockquote>\n\n\n\n<p class=\"wp-block-paragraph\">Art. 2\u00ba Esta Portaria entra em vigor na data da sua publica\u00e7\u00e3o.<\/p>\n\n\n\n<p class=\"wp-block-paragraph\">Rio Branco &#8211; Acre, 11 de junho de 2021.<\/p>\n","protected":false},"excerpt":{"rendered":"<p>Altera a Portaria n\u00ba 122, de 4 de maio de 2021.<\/p>\n","protected":false},"author":5,"featured_media":0,"comment_status":"closed","ping_status":"closed","sticky":false,"template":"","format":"standard","meta":{"_acf_changed":false,"footnotes":""},"categories":[3,33],"tags":[35],"class_list":["post-17312","post","type-post","status-publish","format-standard","hentry","category-legislacao","category-portarias","tag-icms"],"acf":[],"_links":{"self":[{"href":"https:\/\/sefaz.ac.gov.br\/2021\/index.php?rest_route=\/wp\/v2\/posts\/17312","targetHints":{"allow":["GET"]}}],"collection":[{"href":"https:\/\/sefaz.ac.gov.br\/2021\/index.php?rest_route=\/wp\/v2\/posts"}],"about":[{"href":"https:\/\/sefaz.ac.gov.br\/2021\/index.php?rest_route=\/wp\/v2\/types\/post"}],"author":[{"embeddable":true,"href":"https:\/\/sefaz.ac.gov.br\/2021\/index.php?rest_route=\/wp\/v2\/users\/5"}],"replies":[{"embeddable":true,"href":"https:\/\/sefaz.ac.gov.br\/2021\/index.php?rest_route=%2Fwp%2Fv2%2Fcomments&post=17312"}],"version-history":[{"count":0,"href":"https:\/\/sefaz.ac.gov.br\/2021\/index.php?rest_route=\/wp\/v2\/posts\/17312\/revisions"}],"wp:attachment":[{"href":"https:\/\/sefaz.ac.gov.br\/2021\/index.php?rest_route=%2Fwp%2Fv2%2Fmedia&parent=17312"}],"wp:term":[{"taxonomy":"category","embeddable":true,"href":"https:\/\/sefaz.ac.gov.br\/2021\/index.php?rest_route=%2Fwp%2Fv2%2Fcategories&post=17312"},{"taxonomy":"post_tag","embeddable":true,"href":"https:\/\/sefaz.ac.gov.br\/2021\/index.php?rest_route=%2Fwp%2Fv2%2Ftags&post=17312"}],"curies":[{"name":"wp","href":"https:\/\/api.w.org\/{rel}","templated":true}]}}