{"id":17303,"date":"2021-05-06T14:23:57","date_gmt":"2021-05-06T17:23:57","guid":{"rendered":"http:\/\/sefaz.acre.gov.br:80\/2021\/?p=17303"},"modified":"2023-05-24T10:15:35","modified_gmt":"2023-05-24T13:15:35","slug":"portaria-no-126-de-06-de-maio-de-2021","status":"publish","type":"post","link":"https:\/\/sefaz.ac.gov.br\/2021\/?p=17303","title":{"rendered":"PORTARIA N\u00ba 126 DE 06 DE MAIO DE 2021"},"content":{"rendered":"\n<p class=\"wp-block-paragraph\"><strong>O SECRET\u00c1RIO DE ESTADO DA FAZENDA<\/strong>, no uso de suas atribui\u00e7\u00f5es constitucionais e legais que lhe confere o Decreto n\u00ba 6.511, de 5 de agosto de 2020, publicado no Di\u00e1rio Oficial do Estado n\u00ba 12.855, de 10 de agosto de 2020; e<\/p>\n\n\n\n<p class=\"wp-block-paragraph\">Considerando as disposi\u00e7\u00f5es contidas no artigo 47, do Decreto Estadual n\u00b0 7.885, de 4 de fevereiro de 2021;<\/p>\n\n\n\n<p class=\"wp-block-paragraph\"><strong>R E S O L V E<\/strong>:<\/p>\n\n\n\n<p class=\"wp-block-paragraph\">Art. 1\u00b0 A Comiss\u00e3o de \u00c9tica, institu\u00edda pelo artigo 46, do Decreto n\u00ba 7.885, de 4 de fevereiro de 2021, para o bi\u00eanio 2021-2022, ser\u00e1 composta pelos seguintes membros:<\/p>\n\n\n\n<p class=\"wp-block-paragraph\">a) Camila Fontinele da Silva Caruta;<\/p>\n\n\n\n<p class=\"wp-block-paragraph\">b) Ivone Maria Andrade de Oliveira;<\/p>\n\n\n\n<p class=\"wp-block-paragraph\">c) Jos\u00e9 \u00c1lvaro Sousa Arag\u00e3o;<\/p>\n\n\n\n<p class=\"wp-block-paragraph\">Suplentes:<\/p>\n\n\n\n<p class=\"wp-block-paragraph\">a) Silvia Elena Aguirre de Souza;<\/p>\n\n\n\n<p class=\"wp-block-paragraph\">b) Ant\u00f4nio Raimundo Silva de Almeida;<\/p>\n\n\n\n<p class=\"wp-block-paragraph\">c) Silvio Gorzoni Cortizo.<\/p>\n\n\n\n<p class=\"wp-block-paragraph\">Par\u00e1grafo \u00fanico. A presid\u00eancia da Comiss\u00e3o ser\u00e1 exercida pelo membro a que se refere a al\u00ednea \u201ca\u201d do inciso I deste artigo.<\/p>\n\n\n\n<p class=\"wp-block-paragraph\">Art. 2\u00b0 Esta Portaria entra em vigor na data de sua publica\u00e7\u00e3o.<\/p>\n\n\n\n<p class=\"wp-block-paragraph\">Rio Branco &#8211; Acre, 06 de maio de 2021.<\/p>\n","protected":false},"excerpt":{"rendered":"<p>Comp\u00f5e a Comiss\u00e3o de \u00c9tica, institu\u00edda pelo artigo 46, do Decreto n\u00ba 7.885, de 4 de fevereiro de 2021, para o bi\u00eanio 2021-2022.<\/p>\n","protected":false},"author":5,"featured_media":0,"comment_status":"closed","ping_status":"closed","sticky":false,"template":"","format":"standard","meta":{"_acf_changed":false,"footnotes":""},"categories":[3,33],"tags":[73],"class_list":["post-17303","post","type-post","status-publish","format-standard","hentry","category-legislacao","category-portarias","tag-legislacao-institucional-e-funcional"],"acf":[],"_links":{"self":[{"href":"https:\/\/sefaz.ac.gov.br\/2021\/index.php?rest_route=\/wp\/v2\/posts\/17303","targetHints":{"allow":["GET"]}}],"collection":[{"href":"https:\/\/sefaz.ac.gov.br\/2021\/index.php?rest_route=\/wp\/v2\/posts"}],"about":[{"href":"https:\/\/sefaz.ac.gov.br\/2021\/index.php?rest_route=\/wp\/v2\/types\/post"}],"author":[{"embeddable":true,"href":"https:\/\/sefaz.ac.gov.br\/2021\/index.php?rest_route=\/wp\/v2\/users\/5"}],"replies":[{"embeddable":true,"href":"https:\/\/sefaz.ac.gov.br\/2021\/index.php?rest_route=%2Fwp%2Fv2%2Fcomments&post=17303"}],"version-history":[{"count":0,"href":"https:\/\/sefaz.ac.gov.br\/2021\/index.php?rest_route=\/wp\/v2\/posts\/17303\/revisions"}],"wp:attachment":[{"href":"https:\/\/sefaz.ac.gov.br\/2021\/index.php?rest_route=%2Fwp%2Fv2%2Fmedia&parent=17303"}],"wp:term":[{"taxonomy":"category","embeddable":true,"href":"https:\/\/sefaz.ac.gov.br\/2021\/index.php?rest_route=%2Fwp%2Fv2%2Fcategories&post=17303"},{"taxonomy":"post_tag","embeddable":true,"href":"https:\/\/sefaz.ac.gov.br\/2021\/index.php?rest_route=%2Fwp%2Fv2%2Ftags&post=17303"}],"curies":[{"name":"wp","href":"https:\/\/api.w.org\/{rel}","templated":true}]}}