{"id":17294,"date":"2021-05-04T13:58:47","date_gmt":"2021-05-04T16:58:47","guid":{"rendered":"http:\/\/sefaz.acre.gov.br:80\/2021\/?p=17294"},"modified":"2023-05-22T13:59:54","modified_gmt":"2023-05-22T16:59:54","slug":"portaria-no-122-de-04-de-maio-de-2021","status":"publish","type":"post","link":"https:\/\/sefaz.ac.gov.br\/2021\/?p=17294","title":{"rendered":"PORTARIA N\u00ba 122 DE 04 DE MAIO DE 2021"},"content":{"rendered":"\n<p class=\"wp-block-paragraph\"><strong>O SECRET\u00c1RIO DE ESTADO DA FAZENDA<\/strong>, no uso das atribui\u00e7\u00f5es legais que lhe confere o Decreto n\u00ba 6.511, de 5 de agosto de 2020; e<\/p>\n\n\n\n<p class=\"wp-block-paragraph\">Considerando o art. 65, II, do Regimento Interno da Secretaria de Estado da Fazenda, aprovado pelo Decreto n\u00ba 183, de 06 de outubro de 1975;<\/p>\n\n\n\n<p class=\"wp-block-paragraph\">Considerando o art. 34, da Lei n\u00ba 2.265, de 31 de mar\u00e7o de 2010, alterada pela Lei n\u00ba 2.730, de 22 de agosto de 2013;<\/p>\n\n\n\n<p class=\"wp-block-paragraph\">Considerando o Decreto n\u00ba 5.587, de 12 de agosto de 2010, que disp\u00f5e sobre a regulamenta\u00e7\u00e3o do Pr\u00eamio Anual de Valoriza\u00e7\u00e3o da Atividade Fazend\u00e1ria;<\/p>\n\n\n\n<p class=\"wp-block-paragraph\">Considerando, ainda, as justificativas e recomenda\u00e7\u00f5es contidas no Relat\u00f3rio do Comit\u00ea Especial de Estabelecimento das Metas do Exerc\u00edcio de 2020, objeto do Processo SEI n\u00ba 0715.004310.00005\/2021-58;<\/p>\n\n\n\n<p class=\"wp-block-paragraph\"><strong>RESOLVE:<\/strong><\/p>\n\n\n\n<p class=\"wp-block-paragraph\">Art. 1\u00ba Homologar o cumprimento e supera\u00e7\u00e3o da meta de arrecada\u00e7\u00e3o e o resultado global da Secretaria de Estado da Fazenda, referente ao exerc\u00edcio de 2020, com fundamenta\u00e7\u00e3o no artigo 34, da Lei n\u00ba 2.265, de 31 de mar\u00e7o de 2010, alterada pela Lei n\u00ba 2.730, de 22 de agosto de 2013, combinado com o Decreto n\u00ba 5.587, de 12 de agosto de 2010, no montante de R$ 1.361.491.403,83 (um bilh\u00e3o, trezentos e sessenta e um milh\u00f5es, quatrocentos e noventa e um mil, quatrocentos e tr\u00eas reais e oitenta e tr\u00eas centavos), correspondente a 102,64% (cento e dois inteiros e sessenta e quatro cent\u00e9simos por cento) do valor estabelecido pelo Comit\u00ea Especial de Estabelecimento das Metas do Exerc\u00edcio de 2020.<\/p>\n\n\n\n<p class=\"wp-block-paragraph\">Art. 2\u00ba Observando a disponibilidade Or\u00e7ament\u00e1ria e Financeira, fica autorizado o pagamento, a t\u00edtulo de adiantamento, do valor correspondente a 50% (cinquenta por cento) do Pr\u00eamio Anual de Valoriza\u00e7\u00e3o da Atividade Fazend\u00e1ria \u2013 PAVAF aos servidores da Secretaria de Estado da Fazenda, relativo ao cumprimento da meta do exerc\u00edcio de 2020. <\/p>\n\n\n\n<p class=\"wp-block-paragraph\">Art. 3\u00ba Determinar que a Diretoria de Administra\u00e7\u00e3o e Finan\u00e7as elabore a lista de benefici\u00e1rios e apure o percentual a ser concedido a cada servidor.<\/p>\n\n\n\n<p class=\"wp-block-paragraph\">Art. 4\u00ba Fica revogada a Portaria n\u00ba 034, de 04 de fevereiro de 2021.<\/p>\n\n\n\n<p class=\"wp-block-paragraph\">Art. 5\u00ba Esta Portaria entra em vigor na data da sua publica\u00e7\u00e3o. <\/p>\n\n\n\n<p class=\"wp-block-paragraph\">Rio Branco &#8211; Acre, 04 de maio de 2021.<\/p>\n","protected":false},"excerpt":{"rendered":"<p>Homologa o cumprimento do resultado global e autoriza o pagamento da primeira parcela do Pr\u00eamio Anual de Valoriza\u00e7\u00e3o da Atividade Fazend\u00e1ria \u2013 PAVAF aos servidores da Secretaria de Estado da Fazenda \u2013 SEFAZ, referente ao exerc\u00edcio de 2020.<\/p>\n","protected":false},"author":5,"featured_media":0,"comment_status":"closed","ping_status":"closed","sticky":false,"template":"","format":"standard","meta":{"_acf_changed":false,"footnotes":""},"categories":[3,33],"tags":[35],"class_list":["post-17294","post","type-post","status-publish","format-standard","hentry","category-legislacao","category-portarias","tag-icms"],"acf":[],"_links":{"self":[{"href":"https:\/\/sefaz.ac.gov.br\/2021\/index.php?rest_route=\/wp\/v2\/posts\/17294","targetHints":{"allow":["GET"]}}],"collection":[{"href":"https:\/\/sefaz.ac.gov.br\/2021\/index.php?rest_route=\/wp\/v2\/posts"}],"about":[{"href":"https:\/\/sefaz.ac.gov.br\/2021\/index.php?rest_route=\/wp\/v2\/types\/post"}],"author":[{"embeddable":true,"href":"https:\/\/sefaz.ac.gov.br\/2021\/index.php?rest_route=\/wp\/v2\/users\/5"}],"replies":[{"embeddable":true,"href":"https:\/\/sefaz.ac.gov.br\/2021\/index.php?rest_route=%2Fwp%2Fv2%2Fcomments&post=17294"}],"version-history":[{"count":0,"href":"https:\/\/sefaz.ac.gov.br\/2021\/index.php?rest_route=\/wp\/v2\/posts\/17294\/revisions"}],"wp:attachment":[{"href":"https:\/\/sefaz.ac.gov.br\/2021\/index.php?rest_route=%2Fwp%2Fv2%2Fmedia&parent=17294"}],"wp:term":[{"taxonomy":"category","embeddable":true,"href":"https:\/\/sefaz.ac.gov.br\/2021\/index.php?rest_route=%2Fwp%2Fv2%2Fcategories&post=17294"},{"taxonomy":"post_tag","embeddable":true,"href":"https:\/\/sefaz.ac.gov.br\/2021\/index.php?rest_route=%2Fwp%2Fv2%2Ftags&post=17294"}],"curies":[{"name":"wp","href":"https:\/\/api.w.org\/{rel}","templated":true}]}}