{"id":17288,"date":"2021-01-11T13:46:27","date_gmt":"2021-01-11T16:46:27","guid":{"rendered":"http:\/\/sefaz.acre.gov.br:80\/2021\/?p=17288"},"modified":"2023-05-22T13:53:23","modified_gmt":"2023-05-22T16:53:23","slug":"portaria-no-8-de-11-de-janeiro-de-2021-2","status":"publish","type":"post","link":"https:\/\/sefaz.ac.gov.br\/2021\/?p=17288","title":{"rendered":"PORTARIA N\u00ba 8, DE 11 DE JANEIRO DE 2021"},"content":{"rendered":"\n<p class=\"wp-block-paragraph\"><strong>O SECRET\u00c1RIO DE ESTADO DA FAZENDA<\/strong>, no uso das atribui\u00e7\u00f5es legais que lhe confere o Decreto n\u00ba 6.511, de 5 de agosto de 2020;<\/p>\n\n\n\n<p class=\"wp-block-paragraph\"><strong>RESOLVE:<\/strong><\/p>\n\n\n\n<p class=\"wp-block-paragraph\">Art. 1\u00ba O art. 13 da Portaria n\u00ba 245, de 21 de setembro de 2020, passa a vigorar coma seguinte reda\u00e7\u00e3o:<\/p>\n\n\n\n<blockquote class=\"wp-block-quote is-layout-flow wp-block-quote-is-layout-flow\">\n<p class=\"wp-block-paragraph\">\u201cArt. 13. O regime previsto nesta portaria produzir\u00e1 efeitos enquanto perdurar o estado de emerg\u00eancia e de calamidade p\u00fablica, em raz\u00e3o da pandemia da COVID-19.<\/p>\n\n\n\n<p class=\"wp-block-paragraph\">Par\u00e1grafo \u00fanico. Ficam suspensas, enquanto perdurar o estado de emerg\u00eancia e de calamidade causado pelo coronav\u00edrus, todas as disposi\u00e7\u00f5es normativas acerca dos hor\u00e1rios ou regimes de trabalho na Secretaria de Estado da Fazenda, especialmente referente ao controle de frequ\u00eancia pelo Sistema Ponto Web.\u201d (NR)<\/p>\n<\/blockquote>\n\n\n\n<p class=\"wp-block-paragraph\">Art. 2\u00ba Esta Portaria entra em vigor na data de sua publica\u00e7\u00e3o.<\/p>\n\n\n\n<p class=\"wp-block-paragraph\">Rio Branco &#8211; Acre, 11 de janeiro de 2021.<\/p>\n","protected":false},"excerpt":{"rendered":"<p>Altera a Portaria n\u00ba 245, de 21 de setembro de 2020, que estabelece, no \u00e2mbito da Secretaria de Estado da Fazenda, medidas para retomada dos servi\u00e7os presenciais, observadas as a\u00e7\u00f5es necess\u00e1rias para preven\u00e7\u00e3o de cont\u00e1gio pelo novo Coronav\u00edrus.<\/p>\n","protected":false},"author":5,"featured_media":0,"comment_status":"closed","ping_status":"closed","sticky":false,"template":"","format":"standard","meta":{"_acf_changed":false,"footnotes":""},"categories":[3,33],"tags":[73],"class_list":["post-17288","post","type-post","status-publish","format-standard","hentry","category-legislacao","category-portarias","tag-legislacao-institucional-e-funcional"],"acf":[],"_links":{"self":[{"href":"https:\/\/sefaz.ac.gov.br\/2021\/index.php?rest_route=\/wp\/v2\/posts\/17288","targetHints":{"allow":["GET"]}}],"collection":[{"href":"https:\/\/sefaz.ac.gov.br\/2021\/index.php?rest_route=\/wp\/v2\/posts"}],"about":[{"href":"https:\/\/sefaz.ac.gov.br\/2021\/index.php?rest_route=\/wp\/v2\/types\/post"}],"author":[{"embeddable":true,"href":"https:\/\/sefaz.ac.gov.br\/2021\/index.php?rest_route=\/wp\/v2\/users\/5"}],"replies":[{"embeddable":true,"href":"https:\/\/sefaz.ac.gov.br\/2021\/index.php?rest_route=%2Fwp%2Fv2%2Fcomments&post=17288"}],"version-history":[{"count":0,"href":"https:\/\/sefaz.ac.gov.br\/2021\/index.php?rest_route=\/wp\/v2\/posts\/17288\/revisions"}],"wp:attachment":[{"href":"https:\/\/sefaz.ac.gov.br\/2021\/index.php?rest_route=%2Fwp%2Fv2%2Fmedia&parent=17288"}],"wp:term":[{"taxonomy":"category","embeddable":true,"href":"https:\/\/sefaz.ac.gov.br\/2021\/index.php?rest_route=%2Fwp%2Fv2%2Fcategories&post=17288"},{"taxonomy":"post_tag","embeddable":true,"href":"https:\/\/sefaz.ac.gov.br\/2021\/index.php?rest_route=%2Fwp%2Fv2%2Ftags&post=17288"}],"curies":[{"name":"wp","href":"https:\/\/api.w.org\/{rel}","templated":true}]}}