{"id":17184,"date":"2022-02-23T11:02:48","date_gmt":"2022-02-23T14:02:48","guid":{"rendered":"http:\/\/sefaz.acre.gov.br:80\/2021\/?p=17184"},"modified":"2023-05-22T11:03:45","modified_gmt":"2023-05-22T14:03:45","slug":"portaria-no-085-de-23-de-fevereiro-de-2022-2","status":"publish","type":"post","link":"https:\/\/sefaz.ac.gov.br\/2021\/?p=17184","title":{"rendered":"PORTARIA N\u00ba 085, DE 23 DE FEVEREIRO DE 2022"},"content":{"rendered":"\n<p class=\"wp-block-paragraph\"><strong>O SECRET\u00c1RIO DE ESTADO DA FAZENDA<\/strong>, no uso das atribui\u00e7\u00f5es legais que lhe confere o Decreto n\u00ba 10.491, de 12 de novembro de 2021, publicado no Di\u00e1rio Oficial n\u00ba 13.165, de 17 de novembro de 2021; e<\/p>\n\n\n\n<p class=\"wp-block-paragraph\">Considerando o art. 65, II, do Decreto n\u00ba 183, de 6 de outubro de 1975, que aprovou o Regimento Interno da Secretaria de Estado da Fazenda;<\/p>\n\n\n\n<p class=\"wp-block-paragraph\">Considerando o art. 5\u00ba da Portaria n\u00ba 662\/2019, que disp\u00f5e que os membros da UCP ser\u00e3o nomeados por ato do(a) Secret\u00e1rio(a) de Estado da Fazenda.<\/p>\n\n\n\n<p class=\"wp-block-paragraph\">Considerando a COMUNICA\u00c7\u00c3O INTERNA N\u00ba 2\/2022\/SEFAZUCP\/PROFISCO II (SEI 3387746); e<\/p>\n\n\n\n<p class=\"wp-block-paragraph\">Considerando o constante nos autos do processo n\u00ba 0715.013690.00002\/2022-69.<\/p>\n\n\n\n<p class=\"wp-block-paragraph\"><strong>R E S O L V E:<\/strong><\/p>\n\n\n\n<p class=\"wp-block-paragraph\">Art. 1\u00ba &#8211; O artigo 1\u00ba da Portaria n\u00ba 663, de 09 de outubro de 2019 passa a vigorar com a seguinte altera\u00e7\u00e3o:<\/p>\n\n\n\n<blockquote class=\"wp-block-quote is-layout-flow wp-block-quote-is-layout-flow\">\n<p class=\"wp-block-paragraph\">\u201cArt. 1\u00ba \u2026<br>\u2026<br>II \u2013 Gerliano Mouzinho Nunes, Gestor de Pol\u00edticas P\u00fablicas,<br>Matr\u00edcula n\u00ba 9129421-2, como Coordenador Administrativo Financeiro;\u201d (NR)<\/p>\n<\/blockquote>\n\n\n\n<p class=\"wp-block-paragraph\">Art. 2\u00ba Esta Portaria entra em vigor na data da sua publica\u00e7\u00e3o.<\/p>\n\n\n\n<p class=\"wp-block-paragraph\">Rio Branco\/AC, 23 de fevereiro de 2022.<\/p>\n","protected":false},"excerpt":{"rendered":"<p>O SECRET\u00c1RIO DE ESTADO DA FAZENDA, no uso das atribui\u00e7\u00f5es legais que lhe confere o Decreto n\u00ba 10.491, de 12 de novembro de 2021, publicado no Di\u00e1rio Oficial n\u00ba 13.165, de 17 de novembro de 2021; e Considerando o art. 65, II, do Decreto n\u00ba 183, de 6 de outubro de 1975, que aprovou o [&hellip;]<\/p>\n","protected":false},"author":5,"featured_media":0,"comment_status":"closed","ping_status":"closed","sticky":false,"template":"","format":"standard","meta":{"_acf_changed":false,"footnotes":""},"categories":[3,33],"tags":[73],"class_list":["post-17184","post","type-post","status-publish","format-standard","hentry","category-legislacao","category-portarias","tag-legislacao-institucional-e-funcional"],"acf":[],"_links":{"self":[{"href":"https:\/\/sefaz.ac.gov.br\/2021\/index.php?rest_route=\/wp\/v2\/posts\/17184","targetHints":{"allow":["GET"]}}],"collection":[{"href":"https:\/\/sefaz.ac.gov.br\/2021\/index.php?rest_route=\/wp\/v2\/posts"}],"about":[{"href":"https:\/\/sefaz.ac.gov.br\/2021\/index.php?rest_route=\/wp\/v2\/types\/post"}],"author":[{"embeddable":true,"href":"https:\/\/sefaz.ac.gov.br\/2021\/index.php?rest_route=\/wp\/v2\/users\/5"}],"replies":[{"embeddable":true,"href":"https:\/\/sefaz.ac.gov.br\/2021\/index.php?rest_route=%2Fwp%2Fv2%2Fcomments&post=17184"}],"version-history":[{"count":0,"href":"https:\/\/sefaz.ac.gov.br\/2021\/index.php?rest_route=\/wp\/v2\/posts\/17184\/revisions"}],"wp:attachment":[{"href":"https:\/\/sefaz.ac.gov.br\/2021\/index.php?rest_route=%2Fwp%2Fv2%2Fmedia&parent=17184"}],"wp:term":[{"taxonomy":"category","embeddable":true,"href":"https:\/\/sefaz.ac.gov.br\/2021\/index.php?rest_route=%2Fwp%2Fv2%2Fcategories&post=17184"},{"taxonomy":"post_tag","embeddable":true,"href":"https:\/\/sefaz.ac.gov.br\/2021\/index.php?rest_route=%2Fwp%2Fv2%2Ftags&post=17184"}],"curies":[{"name":"wp","href":"https:\/\/api.w.org\/{rel}","templated":true}]}}