{"id":16936,"date":"2022-04-11T13:12:09","date_gmt":"2022-04-11T16:12:09","guid":{"rendered":"http:\/\/sefaz.acre.gov.br:80\/2021\/?p=16936"},"modified":"2023-05-24T10:11:05","modified_gmt":"2023-05-24T13:11:05","slug":"portaria-no-189-de-11-de-abril-de-2022","status":"publish","type":"post","link":"https:\/\/sefaz.ac.gov.br\/2021\/?p=16936","title":{"rendered":"PORTARIA N\u00ba 189, DE 11 DE ABRIL DE 2022"},"content":{"rendered":"\n<p class=\"wp-block-paragraph\"><strong>O SECRET\u00c1RIO DE ESTADO DA FAZENDA<\/strong>, no uso de suas atribui\u00e7\u00f5es constitucionais e legais que lhe confere o Decreto n\u00ba 10.491, de 12 de novembro de 2021, publicado no Di\u00e1rio Oficial n\u00ba 13.165, de 17 de novembro de 2021; e <\/p>\n\n\n\n<p class=\"wp-block-paragraph\"><strong>CONSIDERANDO<\/strong> o Despacho n\u00ba 409\/2022\/SEFAZ &#8211; GSARE (SEI 3699631), exarada pela Secretaria Adjunta da Receita Estadual &#8211; GSARE; e<\/p>\n\n\n\n<p class=\"wp-block-paragraph\"><strong>CONSIDERANDO<\/strong> o constante dos autos do processo n\u00ba 0715.012512.00004\/2022-73.<\/p>\n\n\n\n<p class=\"wp-block-paragraph\"><strong>RESOLVE:<\/strong><\/p>\n\n\n\n<p class=\"wp-block-paragraph\">Art. 1\u00ba Alterar a Portaria n\u00ba 094, de 27 de mar\u00e7o de 2020, publicada no Di\u00e1rio Oficial do Estado n\u00ba 12.770, em 31 de mar\u00e7o de 2020.<\/p>\n\n\n\n<blockquote class=\"wp-block-quote is-layout-flow wp-block-quote-is-layout-flow\">\n<p class=\"wp-block-paragraph\">onde se l\u00ea: \u201c\u2026, II &#8211; Secret\u00e1rio: Willian da Silva Brasil, inscrito na matr\u00edcula n\u00b0 9333053-1, lotado na Secretaria de Estado da Fazenda- SEFAZ, no cargo de Auditor da Receita Estadual, admitido em 21\/10\/2011, escolaridade: n\u00edvel superior completo;\u201d<\/p>\n\n\n\n<p class=\"wp-block-paragraph\">leia-se: \u201c\u2026, II &#8211; Secret\u00e1ria: Wanessa Brand\u00e3o Silva, inscrito na matr\u00edcula n\u00b0 9391053-1, lotado na Secretaria de Estado da Fazenda- SEFAZ, no cargo de Auditora da Receita Estadual, admitido em 25\/02\/2014, escolaridade: n\u00edvel superior completo;\u201d<\/p>\n<\/blockquote>\n\n\n\n<p class=\"wp-block-paragraph\">Art. 2\u00b0 Esta Portaria entra em vigor com os efeitos a contar de 8 de abril de 2022.<\/p>\n\n\n\n<p class=\"wp-block-paragraph\">Rio Branco-Acre, 11 de abril de 2022.<\/p>\n","protected":false},"excerpt":{"rendered":"<p>Altera a Portaria n\u00ba 094, de 27 de mar\u00e7o de 2020.<\/p>\n","protected":false},"author":5,"featured_media":0,"comment_status":"closed","ping_status":"closed","sticky":false,"template":"","format":"standard","meta":{"_acf_changed":false,"footnotes":""},"categories":[3,33],"tags":[73],"class_list":["post-16936","post","type-post","status-publish","format-standard","hentry","category-legislacao","category-portarias","tag-legislacao-institucional-e-funcional"],"acf":[],"_links":{"self":[{"href":"https:\/\/sefaz.ac.gov.br\/2021\/index.php?rest_route=\/wp\/v2\/posts\/16936","targetHints":{"allow":["GET"]}}],"collection":[{"href":"https:\/\/sefaz.ac.gov.br\/2021\/index.php?rest_route=\/wp\/v2\/posts"}],"about":[{"href":"https:\/\/sefaz.ac.gov.br\/2021\/index.php?rest_route=\/wp\/v2\/types\/post"}],"author":[{"embeddable":true,"href":"https:\/\/sefaz.ac.gov.br\/2021\/index.php?rest_route=\/wp\/v2\/users\/5"}],"replies":[{"embeddable":true,"href":"https:\/\/sefaz.ac.gov.br\/2021\/index.php?rest_route=%2Fwp%2Fv2%2Fcomments&post=16936"}],"version-history":[{"count":0,"href":"https:\/\/sefaz.ac.gov.br\/2021\/index.php?rest_route=\/wp\/v2\/posts\/16936\/revisions"}],"wp:attachment":[{"href":"https:\/\/sefaz.ac.gov.br\/2021\/index.php?rest_route=%2Fwp%2Fv2%2Fmedia&parent=16936"}],"wp:term":[{"taxonomy":"category","embeddable":true,"href":"https:\/\/sefaz.ac.gov.br\/2021\/index.php?rest_route=%2Fwp%2Fv2%2Fcategories&post=16936"},{"taxonomy":"post_tag","embeddable":true,"href":"https:\/\/sefaz.ac.gov.br\/2021\/index.php?rest_route=%2Fwp%2Fv2%2Ftags&post=16936"}],"curies":[{"name":"wp","href":"https:\/\/api.w.org\/{rel}","templated":true}]}}