{"id":16931,"date":"2022-05-20T12:49:23","date_gmt":"2022-05-20T15:49:23","guid":{"rendered":"http:\/\/sefaz.acre.gov.br:80\/2021\/?p=16931"},"modified":"2023-05-24T10:12:12","modified_gmt":"2023-05-24T13:12:12","slug":"portaria-no-256-de-20-de-maio-de-2022-revogada","status":"publish","type":"post","link":"https:\/\/sefaz.ac.gov.br\/2021\/?p=16931","title":{"rendered":"PORTARIA N\u00ba 256, DE 20 DE MAIO DE 2022 (Revogada)"},"content":{"rendered":"\n<p class=\"wp-block-paragraph\"><strong>O SECRET\u00c1RIO DE ESTADO DA FAZENDA<\/strong>, no uso das atribui\u00e7\u00f5es que lhe confere o Decreto n\u00ba 10.491, de 12 de novembro de 2021, publicado no Di\u00e1rio Oficial n\u00ba 13.165, de 17 de novembro de 2021, a Lei Complementar n\u00ba 355, de 28 de dezembro de 2018, e a Lei Complementar n\u00ba 39, de 29 de dezembro de 1993;<\/p>\n\n\n\n<p class=\"wp-block-paragraph\"><strong>CONSIDERANDO<\/strong> o princ\u00edpio da efici\u00eancia da administra\u00e7\u00e3o p\u00fablica, previsto no art. 37, da Constitui\u00e7\u00e3o Federal;<\/p>\n\n\n\n<p class=\"wp-block-paragraph\"><strong>CONSIDERANDO<\/strong> o art. 3\u00ba, do Decreto n\u00ba 9.707, de 29 de julho de 2021, que disp\u00f5e sobre os hor\u00e1rios de funcionamento e de atendimento ao p\u00fablico no \u00e2mbito dos \u00f3rg\u00e3os e entidades da Administra\u00e7\u00e3o P\u00fablica Estadual direta, aut\u00e1rquica e fundacional;<\/p>\n\n\n\n<p class=\"wp-block-paragraph\"><strong>CONSIDERANDO<\/strong> a melhoria dos servi\u00e7os oferecidos \u00e0 popula\u00e7\u00e3o e o aumento da efetividade e produtividade; e<\/p>\n\n\n\n<p class=\"wp-block-paragraph\"><strong>CONSIDERANDO<\/strong> finalmente a necessidade de assegurar melhor qualidade de vida aos servidores p\u00fablicos, sem preju\u00edzo das atividades desenvolvidas;<\/p>\n\n\n\n<p class=\"wp-block-paragraph\"><strong>CONSIDERANDO<\/strong> o constante dos autos do processo n\u00ba 0715.012448.00466\/2022-84.<\/p>\n\n\n\n<p class=\"wp-block-paragraph\"><strong>RESOLVE:<\/strong><\/p>\n\n\n\n<p class=\"wp-block-paragraph\">Art. 1\u00ba O hor\u00e1rio de funcionamento da Secretaria de Estado da Fazenda \u2013 SEFAZ, ser\u00e1 de segunda a sexta-feira, em um \u00fanico turno, das 07h30min \u00e0s 13h30min, salvo disposi\u00e7\u00e3o em contr\u00e1rio e com exce\u00e7\u00e3o do Gabinete do Secret\u00e1rio.<\/p>\n\n\n\n<p class=\"wp-block-paragraph\">Art. 2\u00ba A jornada di\u00e1ria de trabalho dos servidores ser\u00e1 de 6 (seis) horas ininterruptas.<\/p>\n\n\n\n<p class=\"wp-block-paragraph\">\u00a7 1\u00ba As chefias imediatas convocar\u00e3o os servidores p\u00fablicos efetivos para complementa\u00e7\u00e3o da jornada de trabalho semanal de quarenta horas, sempre que houver necessidade do setor ou interesse da administra\u00e7\u00e3o.<\/p>\n\n\n\n<p class=\"wp-block-paragraph\">\u00a7 2\u00ba A complementa\u00e7\u00e3o da jornada semanal de que trata o \u00a7 1\u00ba, ocorrer\u00e1 na forma de teletrabalho ou expediente presencial, observada a conveni\u00eancia e a necessidade.<\/p>\n\n\n\n<p class=\"wp-block-paragraph\">\u00a7 3\u00ba Sem preju\u00edzo do disposto no \u00a7 2\u00ba, o servidor ocupante de cargo de provimento em comiss\u00e3o, fun\u00e7\u00e3o de confian\u00e7a ou que receba complementa\u00e7\u00e3o de jornada, cumprir\u00e1 a jornada di\u00e1ria de trabalho de seis horas e ser\u00e1 convocado sempre que houver interesse da administra\u00e7\u00e3o.<\/p>\n\n\n\n<p class=\"wp-block-paragraph\">Art. 3\u00ba As chefias ficam obrigadas a realizar o acompanhamento da produtividade de suas equipes.<\/p>\n\n\n\n<p class=\"wp-block-paragraph\">Par\u00e1grafo \u00fanico. As chefias dever\u00e3o estabelecer os trabalhos a serem realizados por cada setor ou divis\u00e3o, para o atingimento da meta estabelecida por esta Secretaria. <\/p>\n\n\n\n<p class=\"wp-block-paragraph\">Art. 4\u00ba Esta Portaria entra em vigor na data de sua publica\u00e7\u00e3o.<\/p>\n\n\n\n<p class=\"wp-block-paragraph\">Rio Branco &#8211; Acre, 20 de maio de 2022.<\/p>\n","protected":false},"excerpt":{"rendered":"<p>Disp\u00f5e sobre o hor\u00e1rio de funcionamento da Secretaria de Estado da Fazenda \u2013 SEFAZ.<\/p>\n","protected":false},"author":5,"featured_media":0,"comment_status":"closed","ping_status":"closed","sticky":false,"template":"","format":"standard","meta":{"_acf_changed":false,"footnotes":""},"categories":[3,33],"tags":[73],"class_list":["post-16931","post","type-post","status-publish","format-standard","hentry","category-legislacao","category-portarias","tag-legislacao-institucional-e-funcional"],"acf":[],"_links":{"self":[{"href":"https:\/\/sefaz.ac.gov.br\/2021\/index.php?rest_route=\/wp\/v2\/posts\/16931","targetHints":{"allow":["GET"]}}],"collection":[{"href":"https:\/\/sefaz.ac.gov.br\/2021\/index.php?rest_route=\/wp\/v2\/posts"}],"about":[{"href":"https:\/\/sefaz.ac.gov.br\/2021\/index.php?rest_route=\/wp\/v2\/types\/post"}],"author":[{"embeddable":true,"href":"https:\/\/sefaz.ac.gov.br\/2021\/index.php?rest_route=\/wp\/v2\/users\/5"}],"replies":[{"embeddable":true,"href":"https:\/\/sefaz.ac.gov.br\/2021\/index.php?rest_route=%2Fwp%2Fv2%2Fcomments&post=16931"}],"version-history":[{"count":0,"href":"https:\/\/sefaz.ac.gov.br\/2021\/index.php?rest_route=\/wp\/v2\/posts\/16931\/revisions"}],"wp:attachment":[{"href":"https:\/\/sefaz.ac.gov.br\/2021\/index.php?rest_route=%2Fwp%2Fv2%2Fmedia&parent=16931"}],"wp:term":[{"taxonomy":"category","embeddable":true,"href":"https:\/\/sefaz.ac.gov.br\/2021\/index.php?rest_route=%2Fwp%2Fv2%2Fcategories&post=16931"},{"taxonomy":"post_tag","embeddable":true,"href":"https:\/\/sefaz.ac.gov.br\/2021\/index.php?rest_route=%2Fwp%2Fv2%2Ftags&post=16931"}],"curies":[{"name":"wp","href":"https:\/\/api.w.org\/{rel}","templated":true}]}}