{"id":16907,"date":"2022-05-23T12:41:06","date_gmt":"2022-05-23T15:41:06","guid":{"rendered":"http:\/\/sefaz.acre.gov.br:80\/2021\/?p=16907"},"modified":"2023-05-24T10:13:06","modified_gmt":"2023-05-24T13:13:06","slug":"portaria-no-257-de-23-de-maio-de-2022","status":"publish","type":"post","link":"https:\/\/sefaz.ac.gov.br\/2021\/?p=16907","title":{"rendered":"PORTARIA N\u00ba 257, DE 23 DE MAIO DE 2022"},"content":{"rendered":"\n<p class=\"wp-block-paragraph\"><strong>O SECRET\u00c1RIO DE ESTADO DA FAZENDA,<\/strong> no uso de suas atribui\u00e7\u00f5es constitucionais e legais que lhe confere o Decreto n\u00ba 10.491, de 12 de novembro de 2021, publicado no Di\u00e1rio Oficial n\u00ba 13.165, de 17 de novembro de 2021; e<\/p>\n\n\n\n<p class=\"wp-block-paragraph\"><strong>CONSIDERANDO<\/strong> a Comunica\u00e7\u00e3o Interna n\u00ba 10\/2022\/SEFAZ &#8211; UCP\/PROFISCO II (SEI 3996960), exarada pela Unidade de Coordena\u00e7\u00e3o de Programas.<\/p>\n\n\n\n<p class=\"wp-block-paragraph\"><strong>CONSIDERANDO <\/strong>o constante dos autos do processo n\u00ba 0715.013690.00008\/2022-36.<\/p>\n\n\n\n<p class=\"wp-block-paragraph\"><strong>RESOLVE:<\/strong><\/p>\n\n\n\n<p class=\"wp-block-paragraph\">Art. 1\u00ba A ementa da Portaria n\u00ba 662, de 09 de outubro de 2019, passa a seguinte reda\u00e7\u00e3o:<\/p>\n\n\n\n<blockquote class=\"wp-block-quote is-layout-flow wp-block-quote-is-layout-flow\">\n<p class=\"wp-block-paragraph\">\u201cDisp\u00f5e sobre a cria\u00e7\u00e3o da Unidade de Coordena\u00e7\u00e3o de Programas &#8211; UCP\/SEFAZ do Projeto de Moderniza\u00e7\u00e3o da Gest\u00e3o Fiscal do Estado do Acre, a ser gerenciada pela Secretaria de Estado da Fazenda.\u201d (NR)<\/p>\n<\/blockquote>\n\n\n\n<p class=\"wp-block-paragraph\">Art. 2\u00ba Os dispositivos a seguir indicados da Portaria n\u00ba 662, de 09 de outubro de 2019, passam a vigorar com as seguintes altera\u00e7\u00f5es:<\/p>\n\n\n\n<blockquote class=\"wp-block-quote is-layout-flow wp-block-quote-is-layout-flow\">\n<p class=\"wp-block-paragraph\">\u201cArt. 1\u00ba Instituir a Unidade de Coordena\u00e7\u00e3o de Programas &#8211; UCP\/SEFAZ do Projeto de Moderniza\u00e7\u00e3o da Gest\u00e3o Fiscal do Estado do Acre, a ser gerenciada pela Secretaria de Estado da Fazenda &#8211; SEFAZ, sob a supervis\u00e3o direta do(a) Secret\u00e1rio(a) de Estado da Fazenda e apoio dos Secret\u00e1rios(as) Adjuntos(as) da Receita e do Tesouro Estadual.<\/p>\n\n\n\n<p class=\"wp-block-paragraph\">Art. 2\u00ba A UCP\/SEFAZ, respons\u00e1vel pela coordena\u00e7\u00e3o e execu\u00e7\u00e3o do Projeto de Moderniza\u00e7\u00e3o da Gest\u00e3o Fiscal do Estado do Acre, tem por objetivo promover a automa\u00e7\u00e3o e moderniza\u00e7\u00e3o da gest\u00e3o fiscal do Acre em parceria com organismos de financiamento internos e externos.<\/p>\n\n\n\n<p class=\"wp-block-paragraph\">Art. 3\u00ba O Regimento Interno disciplinar\u00e1 as fun\u00e7\u00f5es espec\u00edficas da UCP\/ SEFAZ, bem como as atribui\u00e7\u00f5es de seus membros.<\/p>\n\n\n\n<p class=\"wp-block-paragraph\">Art. 4\u00ba A estrutura b\u00e1sica da UCP\/SEFAZ ser\u00e1 composta pelos seguintes membros, sem preju\u00edzo de outras atribui\u00e7\u00f5es a serem definidas posteriormente:\u201d (NR)<br>\u2026<\/p>\n\n\n\n<p class=\"wp-block-paragraph\">\u201cArt. 5\u00ba Os membros da UCP\/SEFAZ ser\u00e3o nomeados por ato do(a) Secret\u00e1rio(a) de Estado da Fazenda.<\/p>\n\n\n\n<p class=\"wp-block-paragraph\">Art. 6\u00ba Os atos oficiais da UCP\/SEFAZ que forem encaminhados aos organismos internos e externos dever\u00e3o contar com o aval do(a) Secret\u00e1rio(a) de Estado da Fazenda, bem como dos(as) Secret\u00e1rios(as) Adjuntos(as) da Receita e Tesouro Estadual.<\/p>\n\n\n\n<p class=\"wp-block-paragraph\">Art. 7\u00ba No exerc\u00edcio das atribui\u00e7\u00f5es necess\u00e1rias \u00e0 consecu\u00e7\u00e3o das finalidades elencadas no Projeto de Moderniza\u00e7\u00e3o da Gest\u00e3o Fiscal do Estado do Acre, a SEFAZ poder\u00e1 requisitar o apoio de outras institui\u00e7\u00f5es do Poder Executivo.\u201d (NR)<\/p>\n<\/blockquote>\n\n\n\n<p class=\"wp-block-paragraph\">Art. 3\u00ba Esta Portaria entra em vigor na data da sua publica\u00e7\u00e3o.<\/p>\n\n\n\n<p class=\"wp-block-paragraph\">Rio Branco\/AC, 23 de maio de 2022.<\/p>\n","protected":false},"excerpt":{"rendered":"<p>Altera a Portaria n\u00ba 662, de 09 de outubro de 2019.<\/p>\n","protected":false},"author":5,"featured_media":0,"comment_status":"closed","ping_status":"closed","sticky":false,"template":"","format":"standard","meta":{"_acf_changed":false,"footnotes":""},"categories":[3,33],"tags":[73],"class_list":["post-16907","post","type-post","status-publish","format-standard","hentry","category-legislacao","category-portarias","tag-legislacao-institucional-e-funcional"],"acf":[],"_links":{"self":[{"href":"https:\/\/sefaz.ac.gov.br\/2021\/index.php?rest_route=\/wp\/v2\/posts\/16907","targetHints":{"allow":["GET"]}}],"collection":[{"href":"https:\/\/sefaz.ac.gov.br\/2021\/index.php?rest_route=\/wp\/v2\/posts"}],"about":[{"href":"https:\/\/sefaz.ac.gov.br\/2021\/index.php?rest_route=\/wp\/v2\/types\/post"}],"author":[{"embeddable":true,"href":"https:\/\/sefaz.ac.gov.br\/2021\/index.php?rest_route=\/wp\/v2\/users\/5"}],"replies":[{"embeddable":true,"href":"https:\/\/sefaz.ac.gov.br\/2021\/index.php?rest_route=%2Fwp%2Fv2%2Fcomments&post=16907"}],"version-history":[{"count":0,"href":"https:\/\/sefaz.ac.gov.br\/2021\/index.php?rest_route=\/wp\/v2\/posts\/16907\/revisions"}],"wp:attachment":[{"href":"https:\/\/sefaz.ac.gov.br\/2021\/index.php?rest_route=%2Fwp%2Fv2%2Fmedia&parent=16907"}],"wp:term":[{"taxonomy":"category","embeddable":true,"href":"https:\/\/sefaz.ac.gov.br\/2021\/index.php?rest_route=%2Fwp%2Fv2%2Fcategories&post=16907"},{"taxonomy":"post_tag","embeddable":true,"href":"https:\/\/sefaz.ac.gov.br\/2021\/index.php?rest_route=%2Fwp%2Fv2%2Ftags&post=16907"}],"curies":[{"name":"wp","href":"https:\/\/api.w.org\/{rel}","templated":true}]}}