{"id":16879,"date":"2022-01-28T12:08:46","date_gmt":"2022-01-28T15:08:46","guid":{"rendered":"http:\/\/sefaz.acre.gov.br:80\/2021\/?p=16879"},"modified":"2023-05-19T12:09:18","modified_gmt":"2023-05-19T15:09:18","slug":"portaria-no-31-de-28-de-janeiro-de-2022","status":"publish","type":"post","link":"https:\/\/sefaz.ac.gov.br\/2021\/?p=16879","title":{"rendered":"PORTARIA N\u00ba 31, DE 28 DE JANEIRO DE 2022"},"content":{"rendered":"\n<p class=\"wp-block-paragraph\"><strong>O SECRET\u00c1RIO DE ESTADO DA FAZENDA<\/strong>, no uso de suas atribui\u00e7\u00f5es constitucionais e legais que lhe confere o Decreto n\u00ba 10.491, de 12 de novembro de 2021, publicado no Di\u00e1rio Oficial n\u00ba 13.165, de 17 de novembro de 2021; e<\/p>\n\n\n\n<p class=\"wp-block-paragraph\">Considerando o art. 65, II, do Regimento Interno da Secretaria de Estado da Fazenda, aprovado pelo Decreto n\u00ba 183, de 06 de outubro de 1975;<\/p>\n\n\n\n<p class=\"wp-block-paragraph\">Considerando o art. 34, da Lei n\u00ba 2.265, de 31 de mar\u00e7o de 2010, alterada pela Lei n\u00ba 2.730, de 22 de agosto de 2013;<\/p>\n\n\n\n<p class=\"wp-block-paragraph\">Considerando o Decreto n\u00ba 5.587, de 12 de agosto de 2010, que disp\u00f5e sobre a regulamenta\u00e7\u00e3o do Pr\u00eamio Anual de Valoriza\u00e7\u00e3o da Atividade Fazend\u00e1ria;<\/p>\n\n\n\n<p class=\"wp-block-paragraph\">Considerando, ainda, as justificativas e recomenda\u00e7\u00f5es contidas no Relat\u00f3rio do Comit\u00ea Especial de Estabelecimento das Metas do Exerc\u00edcio de 2021, objeto do Processo SEI n\u00ba 0715.004310.00004\/2022-94.<\/p>\n\n\n\n<p class=\"wp-block-paragraph\"><strong>RESOLVE:<\/strong><\/p>\n\n\n\n<p class=\"wp-block-paragraph\">Art. 1\u00ba Homologar o cumprimento e supera\u00e7\u00e3o da meta de arrecada\u00e7\u00e3o e o resultado global da Secretaria de Estado da Fazenda, referente ao exerc\u00edcio de 2021, com fundamenta\u00e7\u00e3o no artigo 34, da Lei n\u00ba 2.265, de 31 de mar\u00e7o de 2010, alterada pela Lei n\u00ba 2.730, de 22 de agosto de 2013, combinado com o Decreto n\u00ba 5.587, de 12 de agosto de 2010, no montante de R$ 1.676.591.559,71 (um bilh\u00e3o, seiscentos e setenta e seis milh\u00f5es, quinhentos e noventa e um mil, quinhentos e cinquenta e nove reais e setenta e um centavos), restando demonstrado e comprovado a supera\u00e7\u00e3o do valor estabelecido pelo artigo 1\u00ba, do Decreto Estadual n\u00ba 8.764, de 27 de abril de 2021.<\/p>\n\n\n\n<p class=\"wp-block-paragraph\">Art. 2\u00ba Observando a disponibilidade Or\u00e7ament\u00e1ria e Financeira, fica autorizado o pagamento do Pr\u00eamio Anual de Valoriza\u00e7\u00e3o da Atividade Fazend\u00e1ria &#8211; PAVAF aos servidores da Secretaria de Estado da Fazenda, relativo ao cumprimento da meta do exerc\u00edcio de 2021.<\/p>\n\n\n\n<p class=\"wp-block-paragraph\">Art. 3\u00ba Determinar que a Diretoria de Administra\u00e7\u00e3o e Finan\u00e7as elabore a lista de benefici\u00e1rios e apure o percentual a ser concedido a cada servidor.<\/p>\n\n\n\n<p class=\"wp-block-paragraph\">Art. 4\u00ba Esta Portaria entra em vigor na data da sua publica\u00e7\u00e3o.<\/p>\n\n\n\n<p class=\"wp-block-paragraph\"><br><\/p>\n","protected":false},"excerpt":{"rendered":"<p>Homologa o cumprimento do resultado global e autoriza o pagamento do Pr\u00eamio Anual de Valoriza\u00e7\u00e3o da Atividade Fazend\u00e1ria &#8211; PAVAF aos servidores da Secretaria de Estado da Fazenda &#8211; SEFAZ, referente ao exerc\u00edcio de 2021.<\/p>\n","protected":false},"author":5,"featured_media":0,"comment_status":"closed","ping_status":"closed","sticky":false,"template":"","format":"standard","meta":{"_acf_changed":false,"footnotes":""},"categories":[3,33],"tags":[73],"class_list":["post-16879","post","type-post","status-publish","format-standard","hentry","category-legislacao","category-portarias","tag-legislacao-institucional-e-funcional"],"acf":[],"_links":{"self":[{"href":"https:\/\/sefaz.ac.gov.br\/2021\/index.php?rest_route=\/wp\/v2\/posts\/16879","targetHints":{"allow":["GET"]}}],"collection":[{"href":"https:\/\/sefaz.ac.gov.br\/2021\/index.php?rest_route=\/wp\/v2\/posts"}],"about":[{"href":"https:\/\/sefaz.ac.gov.br\/2021\/index.php?rest_route=\/wp\/v2\/types\/post"}],"author":[{"embeddable":true,"href":"https:\/\/sefaz.ac.gov.br\/2021\/index.php?rest_route=\/wp\/v2\/users\/5"}],"replies":[{"embeddable":true,"href":"https:\/\/sefaz.ac.gov.br\/2021\/index.php?rest_route=%2Fwp%2Fv2%2Fcomments&post=16879"}],"version-history":[{"count":0,"href":"https:\/\/sefaz.ac.gov.br\/2021\/index.php?rest_route=\/wp\/v2\/posts\/16879\/revisions"}],"wp:attachment":[{"href":"https:\/\/sefaz.ac.gov.br\/2021\/index.php?rest_route=%2Fwp%2Fv2%2Fmedia&parent=16879"}],"wp:term":[{"taxonomy":"category","embeddable":true,"href":"https:\/\/sefaz.ac.gov.br\/2021\/index.php?rest_route=%2Fwp%2Fv2%2Fcategories&post=16879"},{"taxonomy":"post_tag","embeddable":true,"href":"https:\/\/sefaz.ac.gov.br\/2021\/index.php?rest_route=%2Fwp%2Fv2%2Ftags&post=16879"}],"curies":[{"name":"wp","href":"https:\/\/api.w.org\/{rel}","templated":true}]}}